{"id":6664,"date":"2008-07-04T20:29:54","date_gmt":"2008-07-04T20:29:54","guid":{"rendered":"http:\/\/testserver\/wordpress\/?p=6564"},"modified":"2008-07-04T20:29:54","modified_gmt":"2008-07-04T20:29:54","slug":"gefhrte_fahrradtour_durch_lbecks_parkanlagen","status":"publish","type":"post","link":"https:\/\/hier-luebeck.de\/index.php\/gefhrte_fahrradtour_durch_lbecks_parkanlagen\/","title":{"rendered":"Gef\u00fchrte Fahrradtour durch L\u00fcbecks Parkanlagen"},"content":{"rendered":"<p><img decoding=\"async\" title=\"Naturmuseum\" src=\"http:\/\/www.hier-luebeck.de\/images\/topics\/Naturmuseum.gif\" alt=\"Naturmuseum\" \/><br \/>\nDas Museum f\u00fcr Natur und Umwelt l\u00e4dt am Sonntag, 6. Juli 2008, zur Radtour zu den B\u00e4umen der Welt in L\u00fcbecks Parkanlagen ein. In sommerlicher Pracht stehen die B\u00e4ume des alten Eschenburgparks und des Stadtparks.<!--more-->Wie sie hei\u00dfen und woher sie kommen ist Thema einer kleinen Radtour mit Dr. Wolfram Eckloff, Leiter des Museums f\u00fcr Natur und Umwelt. Wer mitfahren m\u00f6chte, kommt um 10 Uhr zum Hindenburgplatz (Travem\u00fcnder Allee). Eingeschlossen ist ein Besuch des Schulgartens und des L\u00fctgendorffparks am M\u00fchlenteich. Ein Gang durch den Immengarten des Museums f\u00fcr Natur und Umwelt schlie\u00dft die Spazierfahrt ab.<\/p>\n<p>Die Teilnahmegeb\u00fchr von f\u00fcnf Euro ist am Treffpunkt zu bezahlen. Die Veranstaltung findet im Rahmen der Reihe &#8222;L\u00fcbecker Gartenradtouren 2008&#8220; statt.<\/p>\n","protected":false},"excerpt":{"rendered":"<p>Das Museum f\u00fcr Natur und Umwelt l\u00e4dt am Sonntag, 6. Juli 2008, zur Radtour zu den B\u00e4umen der Welt in<\/p>\n","protected":false},"author":292,"featured_media":0,"comment_status":"open","ping_status":"open","sticky":false,"template":"","format":"standard","meta":{"colormag_page_container_layout":"default_layout","colormag_page_sidebar_layout":"default_layout","footnotes":""},"categories":[9],"tags":[],"class_list":["post-6664","post","type-post","status-publish","format-standard","hentry","category-sport-freizeit"],"_links":{"self":[{"href":"https:\/\/hier-luebeck.de\/index.php\/wp-json\/wp\/v2\/posts\/6664","targetHints":{"allow":["GET"]}}],"collection":[{"href":"https:\/\/hier-luebeck.de\/index.php\/wp-json\/wp\/v2\/posts"}],"about":[{"href":"https:\/\/hier-luebeck.de\/index.php\/wp-json\/wp\/v2\/types\/post"}],"author":[{"embeddable":true,"href":"https:\/\/hier-luebeck.de\/index.php\/wp-json\/wp\/v2\/users\/292"}],"replies":[{"embeddable":true,"href":"https:\/\/hier-luebeck.de\/index.php\/wp-json\/wp\/v2\/comments?post=6664"}],"version-history":[{"count":0,"href":"https:\/\/hier-luebeck.de\/index.php\/wp-json\/wp\/v2\/posts\/6664\/revisions"}],"wp:attachment":[{"href":"https:\/\/hier-luebeck.de\/index.php\/wp-json\/wp\/v2\/media?parent=6664"}],"wp:term":[{"taxonomy":"category","embeddable":true,"href":"https:\/\/hier-luebeck.de\/index.php\/wp-json\/wp\/v2\/categories?post=6664"},{"taxonomy":"post_tag","embeddable":true,"href":"https:\/\/hier-luebeck.de\/index.php\/wp-json\/wp\/v2\/tags?post=6664"}],"curies":[{"name":"wp","href":"https:\/\/api.w.org\/{rel}","templated":true}]}}