{"id":66738,"date":"2012-03-21T15:38:03","date_gmt":"2012-03-21T14:38:03","guid":{"rendered":"http:\/\/www.hier-luebeck.de\/?p=66738"},"modified":"2012-03-21T15:38:03","modified_gmt":"2012-03-21T14:38:03","slug":"integration-erfolgt-uber-den-arbeitsmarkt","status":"publish","type":"post","link":"https:\/\/hier-luebeck.de\/index.php\/integration-erfolgt-uber-den-arbeitsmarkt\/","title":{"rendered":"Integration erfolgt \u00fcber den Arbeitsmarkt"},"content":{"rendered":"<p><img loading=\"lazy\" decoding=\"async\" class=\"alignleft\" title=\"Ahmet Cetint\u00fcrk legt mit seiner Gastronomie-Ausbildung in einem L\u00fcbecker Restaurant ein gutes Fundament f\u00fcr seine berufliche Laufbahn.\" src=\"http:\/\/www.schleswig-holstein.de\/MWV\/DE\/Service\/Termine\/2009\/bilder\/090309MigrantenAusbildung__blob=normal.jpg\" alt=\"Ahmet Cetint\u00fcrk legt mit seiner Gastronomie-Ausbildung in einem L\u00fcbecker Restaurant ein gutes Fundament f\u00fcr seine berufliche Laufbahn.\" width=\"280\" height=\"210\" \/><\/p>\n<p>\u201e<q>Die duale Ausbildung ist gelebte Integration und Vorbeugung gegen den Fachkr\u00e4ftemangel zugleich<\/q>\u201c, fasste Wirtschaftsstaatssekret\u00e4rin Dr. Tamara Zieschang den Kern der Veranstaltung \u201eMigration und Integration gegen den Fachkr\u00e4ftemangel\u201c in der IHK zu L\u00fcbeck zusammen.<\/p>\n<p>Angesichts des demografischen Wandels sei es notwendig, alle Potenziale f\u00fcr den Arbeitsmarkt zu erschlie\u00dfen, betonte sie vor rund 70 Teilnehmern auf der von der IHK zu L\u00fcbeck, der T\u00fcrkischen Gemeinde in Schleswig-Holstein e. V. und dem Wirtschaftsministerium initiierten Informationsveranstaltung.<!--more--><\/p>\n<h3>Duale Ausbildung<\/h3>\n<p>Zieschang ermutigte die jugendlichen Zuh\u00f6rer t\u00fcrkischer Herkunft, sich f\u00fcr eine duale Ausbildung zu entscheiden. Eine fr\u00fche Bindung junger Menschen durch Ausbildungs- und Weiterbildungsangebote sei auch im Interesse heimischer Unternehmen.<\/p>\n<h3>Potential der Migranten nutzen<\/h3>\n<p><img loading=\"lazy\" decoding=\"async\" class=\"alignleft\" title=\"Logo der T\u00fcrkischen Gemeinde Schleswig-Holstein\" src=\"http:\/\/www.schleswig-holstein.de\/SharedDocs\/Bilder\/Cover\/STK\/DE\/Logos\/tuerkischeGemeindeSHLogo_190x143__blob=normal.jpg\" alt=\"Logo der T\u00fcrkischen Gemeinde Schleswig-Holstein\" width=\"190\" height=\"143\" \/> <cite>T\u00fcrkische Gemeinde Schleswig-Holstein e.V.<\/cite><\/p>\n<p>Auch Dr. Cebel K\u00fcc\u00fckkaraca, Landesvorsitzender der T\u00fcrkischen Gemeinde Schleswig-Holstein, best\u00e4rkte die Wirtschaft, das Potenzial von Migranten f\u00fcr den Arbeitsmarkt zu nutzen. Zugleich betonte er die Notwendigkeit, die fachlichen Ressourcen von Migranten st\u00e4rker als bisher zu sichern. Viele der in Deutschland ausgebildeten Migranten verlie\u00dfen wegen der geringen Ein- und Aufstiegschancen das Land. \u201e<q>Der Staat und die Unternehmen investieren in eine Bildung ohne Rendite<\/q>\u201c, sagte K\u00fcc\u00fckkaraca.<\/p>\n<h3>Akquisiteur wirb in Migrantenbetrieben um Ausbildungspl\u00e4tze<\/h3>\n<p>Gemeinsame Aktivit\u00e4ten seien der Schl\u00fcssel zum Erfolg, so Dr. Ulrich Hoffmeister, Gesch\u00e4ftsbereichsleiter Aus- und Weiterbildung der IHK zu L\u00fcbeck.<\/p>\n<p><img loading=\"lazy\" decoding=\"async\" class=\"alignleft\" title=\"Logo IHK zu L\u00fcbeck\" src=\"http:\/\/www.schleswig-holstein.de\/MWV\/DE\/Service\/Bilder\/Logos\/IHK_Luebeck__blob=normal.jpg\" alt=\"Logo IHK zu L\u00fcbeck\" width=\"280\" height=\"82\" \/><\/p>\n<p>Als positives Beispiel nannte er den t\u00fcrkischst\u00e4mmigen IHK-Ausbildungsakquisiteur B\u00fclent T\u00fcrkyilmaz, der mit Unterst\u00fctzung der Landesregierung speziell in von Migranten gef\u00fchrten Betrieben f\u00fcr die Einrichtung von Ausbildungspl\u00e4tzen wirbt. Bis heute konnte T\u00fcrkyilmaz bereits mehr als 100 Ausbildungspl\u00e4tze akquirieren. Hoffmeister bedankte sich in diesem Zusammenhang f\u00fcr die Unterst\u00fctzung dieser wichtigen Aufgabe durch das Land und hob zugleich die gute Zusammenarbeit zwischen der IHK und der T\u00fcrkischen Gemeinde in Schleswig-Holstein hervor.<\/p>\n","protected":false},"excerpt":{"rendered":"<p>\u201eDie duale Ausbildung ist gelebte Integration und Vorbeugung gegen den Fachkr\u00e4ftemangel zugleich\u201c, fasste Wirtschaftsstaatssekret\u00e4rin Dr. Tamara Zieschang den Kern der<\/p>\n","protected":false},"author":3,"featured_media":0,"comment_status":"open","ping_status":"open","sticky":false,"template":"","format":"standard","meta":{"colormag_page_container_layout":"default_layout","colormag_page_sidebar_layout":"default_layout","footnotes":""},"categories":[5],"tags":[624,3842],"class_list":["post-66738","post","type-post","status-publish","format-standard","hentry","category-politik-wirtschaft","tag-arbeitsmarkt","tag-integration"],"_links":{"self":[{"href":"https:\/\/hier-luebeck.de\/index.php\/wp-json\/wp\/v2\/posts\/66738","targetHints":{"allow":["GET"]}}],"collection":[{"href":"https:\/\/hier-luebeck.de\/index.php\/wp-json\/wp\/v2\/posts"}],"about":[{"href":"https:\/\/hier-luebeck.de\/index.php\/wp-json\/wp\/v2\/types\/post"}],"author":[{"embeddable":true,"href":"https:\/\/hier-luebeck.de\/index.php\/wp-json\/wp\/v2\/users\/3"}],"replies":[{"embeddable":true,"href":"https:\/\/hier-luebeck.de\/index.php\/wp-json\/wp\/v2\/comments?post=66738"}],"version-history":[{"count":1,"href":"https:\/\/hier-luebeck.de\/index.php\/wp-json\/wp\/v2\/posts\/66738\/revisions"}],"predecessor-version":[{"id":66739,"href":"https:\/\/hier-luebeck.de\/index.php\/wp-json\/wp\/v2\/posts\/66738\/revisions\/66739"}],"wp:attachment":[{"href":"https:\/\/hier-luebeck.de\/index.php\/wp-json\/wp\/v2\/media?parent=66738"}],"wp:term":[{"taxonomy":"category","embeddable":true,"href":"https:\/\/hier-luebeck.de\/index.php\/wp-json\/wp\/v2\/categories?post=66738"},{"taxonomy":"post_tag","embeddable":true,"href":"https:\/\/hier-luebeck.de\/index.php\/wp-json\/wp\/v2\/tags?post=66738"}],"curies":[{"name":"wp","href":"https:\/\/api.w.org\/{rel}","templated":true}]}}