{"id":66740,"date":"2012-03-21T15:41:12","date_gmt":"2012-03-21T14:41:12","guid":{"rendered":"http:\/\/www.hier-luebeck.de\/?p=66740"},"modified":"2012-03-21T15:41:12","modified_gmt":"2012-03-21T14:41:12","slug":"abschied-von-der-stempelkarte-die-landesverwaltung-fuhrt-die-digitale-arbeitszeiterfassung-ein","status":"publish","type":"post","link":"https:\/\/hier-luebeck.de\/index.php\/abschied-von-der-stempelkarte-die-landesverwaltung-fuhrt-die-digitale-arbeitszeiterfassung-ein\/","title":{"rendered":"Abschied von der Stempelkarte: Die Landesverwaltung f\u00fchrt die digitale Arbeitszeiterfassung ein"},"content":{"rendered":"<p>Kiel. F\u00fcr die Besch\u00e4ftigten im schleswig-holsteinischen Landesdienst beginnt ein neues Zeitalter: in den Ministerien und Beh\u00f6rden wird die Arbeitszeit k\u00fcnftig digital \u00fcber eine Chipkarte erfasst. Eine entsprechende Vereinbarung nach dem Mitbestimmungsgesetz haben die Spitzenorganisationen der Gewerkschaften und das zust\u00e4ndige Finanzministerium heute (Mittwoch, 21. M\u00e4rz 2012) abgeschlossen. Dabei wird besonderer Wert auf den Datenschutz und den Schutz der Pers\u00f6nlichkeitsrechte gelegt. Das System wird nun schrittweise in den Landesbeh\u00f6rden eingef\u00fchrt.<!--more--><\/p>\n<p>Finanzminister Rainer Wiegard sagte bei der Unterzeichnung der Vereinbarung: \u201e&#8220;Durch das neue System verringert sich der Verwaltungsaufwand f\u00fcr die Besch\u00e4ftigten und den Arbeitgeber wesentlich. So entf\u00e4llt das monatliche Ausrechnen der \u00dcberstunden oder Minusstunden \u2013 das erfolgt automatisch. Wir arbeiten effektiver und sparen Kosten ein. Ich freue mich ganz besonders, dass wir dies gemeinsam mit den Gewerkschaften umsetzen&#8220;.\u201c<\/p>\n<p>Uwe Polkaehn, Vorsitzender des DGB-Bezirks Nord, bezeichnete die Vereinbarung mit der schleswig-holsteinischen Landesregierung als vorbildlich: \u201e&#8220;Kein Besch\u00e4ftigter wird durch die elektronische Zeiterfassung zum gl\u00e4sernen Mitarbeiter, denn wir schlie\u00dfen eine technische Leistungs- und Verhaltenskontrolle aus. Vorteil f\u00fcr die Landesbesch\u00e4ftigten ist, dass sie ihre weitgehenden Gleitzeitregelungen f\u00fcr mehr pers\u00f6nliche Zeitsouver\u00e4nit\u00e4t jetzt \u00fcberschaubarer in Anspruch nehmen k\u00f6nnen&#8220;.\u201c<\/p>\n<p>F\u00fcr Anke Schwitzer, dbb-Landesbundvorsitzende, passt das neue digitale System in die Zeit: \u201e&#8220;Endlich wird die alte Stempelkarte als Relikt aus dem 19. Jahrhundert abgel\u00f6st. Wichtig ist f\u00fcr den dbb schleswig-holstein, dass die Besch\u00e4ftigten ihr Arbeitszeitkonto wie bisher eigenverantwortlich f\u00fchren werden und auch die M\u00f6glichkeiten der flexiblen Arbeitszeitgestaltung in dem bisherigen Umfang erhalten bleiben&#8220;.\u201c<\/p>\n","protected":false},"excerpt":{"rendered":"<p>Kiel. F\u00fcr die Besch\u00e4ftigten im schleswig-holsteinischen Landesdienst beginnt ein neues Zeitalter: in den Ministerien und Beh\u00f6rden wird die Arbeitszeit k\u00fcnftig<\/p>\n","protected":false},"author":3,"featured_media":0,"comment_status":"open","ping_status":"open","sticky":false,"template":"","format":"standard","meta":{"colormag_page_container_layout":"default_layout","colormag_page_sidebar_layout":"default_layout","footnotes":""},"categories":[14],"tags":[4654,4658,4657,4656,4655],"class_list":["post-66740","post","type-post","status-publish","format-standard","hentry","category-tipps-informationen","tag-abschied","tag-arbeitszeiterfassung","tag-digitale","tag-landesverwaltung","tag-stempelkarte"],"_links":{"self":[{"href":"https:\/\/hier-luebeck.de\/index.php\/wp-json\/wp\/v2\/posts\/66740","targetHints":{"allow":["GET"]}}],"collection":[{"href":"https:\/\/hier-luebeck.de\/index.php\/wp-json\/wp\/v2\/posts"}],"about":[{"href":"https:\/\/hier-luebeck.de\/index.php\/wp-json\/wp\/v2\/types\/post"}],"author":[{"embeddable":true,"href":"https:\/\/hier-luebeck.de\/index.php\/wp-json\/wp\/v2\/users\/3"}],"replies":[{"embeddable":true,"href":"https:\/\/hier-luebeck.de\/index.php\/wp-json\/wp\/v2\/comments?post=66740"}],"version-history":[{"count":1,"href":"https:\/\/hier-luebeck.de\/index.php\/wp-json\/wp\/v2\/posts\/66740\/revisions"}],"predecessor-version":[{"id":66741,"href":"https:\/\/hier-luebeck.de\/index.php\/wp-json\/wp\/v2\/posts\/66740\/revisions\/66741"}],"wp:attachment":[{"href":"https:\/\/hier-luebeck.de\/index.php\/wp-json\/wp\/v2\/media?parent=66740"}],"wp:term":[{"taxonomy":"category","embeddable":true,"href":"https:\/\/hier-luebeck.de\/index.php\/wp-json\/wp\/v2\/categories?post=66740"},{"taxonomy":"post_tag","embeddable":true,"href":"https:\/\/hier-luebeck.de\/index.php\/wp-json\/wp\/v2\/tags?post=66740"}],"curies":[{"name":"wp","href":"https:\/\/api.w.org\/{rel}","templated":true}]}}