{"id":6680,"date":"2008-07-06T14:20:14","date_gmt":"2008-07-06T14:20:14","guid":{"rendered":"http:\/\/testserver\/wordpress\/?p=6580"},"modified":"2008-07-06T14:20:14","modified_gmt":"2008-07-06T14:20:14","slug":"vlkerkunde_china_tibet_und_die_reise_zum_heiligen_berg_kailash","status":"publish","type":"post","link":"https:\/\/hier-luebeck.de\/index.php\/vlkerkunde_china_tibet_und_die_reise_zum_heiligen_berg_kailash\/","title":{"rendered":"V\u00f6lkerkunde: China, Tibet und die Reise zum heiligen Berg Kailash"},"content":{"rendered":"<p><img decoding=\"async\" title=\"VoelkerkMus\" src=\"http:\/\/www.hier-luebeck.de\/images\/topics\/VoelkerkMus.jpg\" alt=\"VoelkerkMus\" \/><br \/>\nUnter dem Titel &#8222;Kailash &#8211; Zum heiligen Berg der Welt&#8220; l\u00e4dt die V\u00f6lkerkundesammlung am Donnerstag, 10. Juli 2008, um 20 Uhr zu einem Vortrag von  Dr. Ulrich Bayer zum Thema Tibet ein. In gut einem Monat starten die Olympischen Spiele in China. Die weltweiten Schlagzeilen \u00fcber Unruhen und die Unterdr\u00fcckung des Landes durch die chinesische Besatzungsmacht liegen noch nicht lange zur\u00fcck.<!--more-->Dr. Ulrich Bayer stellt Land und Leute vor und versucht zu erkl\u00e4ren, wie es zu der jetzigen Situation kommen konnte. Er berichtet von einer Reise zum Kailash, dem Heiligen Berg der Buddhisten und Hindus. Im Jahr 2002 war Dr. Bayer Gast bei einem Kongress in Lhasa. Die Reise zum Kailash in Westtibet unternahm er 2004.<\/p>\n<p>Der Eintritt zur Veranstaltung betr\u00e4gt f\u00fcnf, erm\u00e4\u00dfigt 2,50 Euro.<\/p>\n","protected":false},"excerpt":{"rendered":"<p>Unter dem Titel &#8222;Kailash &#8211; Zum heiligen Berg der Welt&#8220; l\u00e4dt die V\u00f6lkerkundesammlung am Donnerstag, 10. Juli 2008, um 20<\/p>\n","protected":false},"author":292,"featured_media":0,"comment_status":"open","ping_status":"open","sticky":false,"template":"","format":"standard","meta":{"colormag_page_container_layout":"default_layout","colormag_page_sidebar_layout":"default_layout","footnotes":""},"categories":[13],"tags":[],"class_list":["post-6680","post","type-post","status-publish","format-standard","hentry","category-veranstaltungen"],"_links":{"self":[{"href":"https:\/\/hier-luebeck.de\/index.php\/wp-json\/wp\/v2\/posts\/6680","targetHints":{"allow":["GET"]}}],"collection":[{"href":"https:\/\/hier-luebeck.de\/index.php\/wp-json\/wp\/v2\/posts"}],"about":[{"href":"https:\/\/hier-luebeck.de\/index.php\/wp-json\/wp\/v2\/types\/post"}],"author":[{"embeddable":true,"href":"https:\/\/hier-luebeck.de\/index.php\/wp-json\/wp\/v2\/users\/292"}],"replies":[{"embeddable":true,"href":"https:\/\/hier-luebeck.de\/index.php\/wp-json\/wp\/v2\/comments?post=6680"}],"version-history":[{"count":0,"href":"https:\/\/hier-luebeck.de\/index.php\/wp-json\/wp\/v2\/posts\/6680\/revisions"}],"wp:attachment":[{"href":"https:\/\/hier-luebeck.de\/index.php\/wp-json\/wp\/v2\/media?parent=6680"}],"wp:term":[{"taxonomy":"category","embeddable":true,"href":"https:\/\/hier-luebeck.de\/index.php\/wp-json\/wp\/v2\/categories?post=6680"},{"taxonomy":"post_tag","embeddable":true,"href":"https:\/\/hier-luebeck.de\/index.php\/wp-json\/wp\/v2\/tags?post=6680"}],"curies":[{"name":"wp","href":"https:\/\/api.w.org\/{rel}","templated":true}]}}