{"id":67313,"date":"2012-04-03T09:54:12","date_gmt":"2012-04-03T07:54:12","guid":{"rendered":"http:\/\/www.hier-luebeck.de\/?p=67313"},"modified":"2012-04-03T09:54:13","modified_gmt":"2012-04-03T07:54:13","slug":"de-jager-begrust-danischen-amtskollegen-kristensen","status":"publish","type":"post","link":"https:\/\/hier-luebeck.de\/index.php\/de-jager-begrust-danischen-amtskollegen-kristensen\/","title":{"rendered":"De Jager begr\u00fc\u00dft d\u00e4nischen Amtskollegen Kristensen"},"content":{"rendered":"<p><a href=\"http:\/\/www.hier-luebeck.de\/2010\/07\/plus-fur-qualitatssicherung-in-der-lebensmittel-und-ernahrungsforschung\/jost-de-jager\/\" rel=\"attachment wp-att-18517\"><img loading=\"lazy\" decoding=\"async\" class=\"alignleft  wp-image-18517\" title=\"Jost De Jager\" src=\"http:\/\/www.hier-luebeck.de\/wp-content\/uploads\/2010\/07\/Jost-De-Jager.jpg\" alt=\"\" width=\"140\" height=\"209\" srcset=\"https:\/\/hier-luebeck.de\/wp-content\/uploads\/2010\/07\/Jost-De-Jager.jpg 335w, https:\/\/hier-luebeck.de\/wp-content\/uploads\/2010\/07\/Jost-De-Jager-214x320.jpg 214w, https:\/\/hier-luebeck.de\/wp-content\/uploads\/2010\/07\/Jost-De-Jager-227x340.jpg 227w\" sizes=\"auto, (max-width: 140px) 100vw, 140px\" \/><\/a>\u201e&#8220;Feste Fehmarnbeltquerung weiterhin auf sehr gutem Weg&#8220;\u201c<\/p>\n<p>Anl\u00e4sslich der vierten Sitzung der Deutsch-D\u00e4nischen Verkehrskommission hat Verkehrsminister Jost de Jager am 2. April 2012 erstmals seinen d\u00e4nischen Amtskollegen Henrik Dam Kristensen getroffen. Beide Minister stellten klar, dass die von der d\u00e4nischen Planungsgesellschaft Femern A\/S f\u00fcr Juni angek\u00fcndigte Anpassung des Zeitplans f\u00fcr den Bau der Festen Fehmarnbeltquerung das Gesamtprojekt in keiner Weise in Frage stelle.<!--more--><\/p>\n<p>\u201e&#8220;Bei Vorhaben dieser Gr\u00f6\u00dfenordnung sind derartige Planungs-Anpassungen eher die Regel als die Ausnahme&#8220;\u201c, sagte de Jager und betonte die gute Zusammenarbeit beider Seiten: \u201e&#8220;Wir stehen in der nun konkreten Planungsphase vor erheblichen Herausforderungen, denn wir m\u00fcssen nicht nur deutsche und d\u00e4nische Genehmigungsverfahren in Einklang bringen, sondern auch europ\u00e4ischen Anforderungen ber\u00fccksichtigen.&#8220;\u201c Auch sein Amtskollege Kristensen zeigte sich zuversichtlich: \u201e&#8220;Im gegenseitigen Vertrauen werden wir alle H\u00fcrden \u00fcberwinden und gemeinsame L\u00f6sungen finden.&#8220;\u201c<\/p>\n<p>Die deutsch-d\u00e4nische Verkehrskommission<\/p>\n<p>Die Verkehrskommission war im August letzten Jahres angesichts stetig wachsender Verkehrsmengen und der damit verbundenen steigenden G\u00fcterstr\u00f6me ins Leben gerufen worden. Ihr geh\u00f6ren Vertreter der Regierungen, der Wirtschaft und der Regionen beiderseits der deutsch-d\u00e4nischen Grenze an. Ziel der Verkehrskommission ist es, verkehrswirtschaftliche Herausforderungen schwerpunktm\u00e4\u00dfig im J\u00fctlandkorridor zu untersuchen und Empfehlungen zu erarbeiten. \u201e&#8220;Die Zusammenarbeit mit D\u00e4nemark hat insbesondere im Verkehrssektor f\u00fcr die Landesregierung eine gro\u00dfe Bedeutung &#8211; und zwar sowohl f\u00fcr den J\u00fctlandkorridor als auch f\u00fcr die Vogelfluglinie&#8220;\u201c, sagte de Jager.<br \/>\nWestk\u00fcste weiterhin im Blick<\/p>\n<p>Gemeinsam mit Kristensen machte er deutlich, dass auch nach dem Bau der Festen Fehmarnbeltquerung der Landesteil Schleswig und die Westk\u00fcste von Schleswig-Holstein und in D\u00e4nemark J\u00fctland nicht vernachl\u00e4ssigt w\u00fcrden. \u201e&#8220;Ich begr\u00fc\u00dfe vor diesem Hintergrund ausdr\u00fccklich die Initiative der Westk\u00fcste beiderseits der deutsch-d\u00e4nischen Grenze f\u00fcr den Ausbau der Verkehrsinfrastruktur. Gute Verkehrsverbindungen sind ebenso wichtig f\u00fcr die Menschen, die hier leben und arbeiten als auch Standortfaktor f\u00fcr die Wirtschaftsunternehmen.&#8220;\u201c<\/p>\n","protected":false},"excerpt":{"rendered":"<p>\u201e&#8220;Feste Fehmarnbeltquerung weiterhin auf sehr gutem Weg&#8220;\u201c Anl\u00e4sslich der vierten Sitzung der Deutsch-D\u00e4nischen Verkehrskommission hat Verkehrsminister Jost de Jager am<\/p>\n","protected":false},"author":3,"featured_media":0,"comment_status":"open","ping_status":"open","sticky":false,"template":"","format":"standard","meta":{"colormag_page_container_layout":"default_layout","colormag_page_sidebar_layout":"default_layout","footnotes":""},"categories":[5],"tags":[4970,475,4971],"class_list":["post-67313","post","type-post","status-publish","format-standard","hentry","category-politik-wirtschaft","tag-amtskollegen","tag-de-jager","tag-kristensen"],"_links":{"self":[{"href":"https:\/\/hier-luebeck.de\/index.php\/wp-json\/wp\/v2\/posts\/67313","targetHints":{"allow":["GET"]}}],"collection":[{"href":"https:\/\/hier-luebeck.de\/index.php\/wp-json\/wp\/v2\/posts"}],"about":[{"href":"https:\/\/hier-luebeck.de\/index.php\/wp-json\/wp\/v2\/types\/post"}],"author":[{"embeddable":true,"href":"https:\/\/hier-luebeck.de\/index.php\/wp-json\/wp\/v2\/users\/3"}],"replies":[{"embeddable":true,"href":"https:\/\/hier-luebeck.de\/index.php\/wp-json\/wp\/v2\/comments?post=67313"}],"version-history":[{"count":2,"href":"https:\/\/hier-luebeck.de\/index.php\/wp-json\/wp\/v2\/posts\/67313\/revisions"}],"predecessor-version":[{"id":67315,"href":"https:\/\/hier-luebeck.de\/index.php\/wp-json\/wp\/v2\/posts\/67313\/revisions\/67315"}],"wp:attachment":[{"href":"https:\/\/hier-luebeck.de\/index.php\/wp-json\/wp\/v2\/media?parent=67313"}],"wp:term":[{"taxonomy":"category","embeddable":true,"href":"https:\/\/hier-luebeck.de\/index.php\/wp-json\/wp\/v2\/categories?post=67313"},{"taxonomy":"post_tag","embeddable":true,"href":"https:\/\/hier-luebeck.de\/index.php\/wp-json\/wp\/v2\/tags?post=67313"}],"curies":[{"name":"wp","href":"https:\/\/api.w.org\/{rel}","templated":true}]}}