{"id":6749,"date":"2008-07-13T14:58:02","date_gmt":"2008-07-13T14:58:02","guid":{"rendered":"http:\/\/testserver\/wordpress\/?p=6649"},"modified":"2008-07-13T14:58:02","modified_gmt":"2008-07-13T14:58:02","slug":"eutiner_festspiele_begannen_mit_tannhuser","status":"publish","type":"post","link":"https:\/\/hier-luebeck.de\/index.php\/eutiner_festspiele_begannen_mit_tannhuser\/","title":{"rendered":"Eutiner Festspiele begannen mit &#8222;Tannh\u00e4user&#8220;"},"content":{"rendered":"<p><img decoding=\"async\" title=\"EutFSp08-Tannhsr\" src=\"http:\/\/www.hier-luebeck.de\/images\/topics\/EutFSp08-Tannhsr.jpg\" alt=\"EutFSp08-Tannhsr\" \/><br \/>\nEndlich hat die neue Spielzeit begonnen: Am Freitag fand die erste Premiere, Richard Wagners &#8222;Tannh\u00e4user&#8220;&#8220;, statt. Noch nie in der Geschichte der Freilichtoper wurde Wagners aufw\u00fchlende romantische Oper bislang in Eutin aufgef\u00fchrt. <\/p>\n<p>Foto agenda\/Michael Kottmeier \u00fc\/ Eutiner Festspiele: 2. Akt Tannh\u00e4user &#8211; S\u00e4ngerkrieg <br \/>\n<!--more-->Und das trotz eing\u00e4ngiger bekannter Kl\u00e4nge (Hallenarie, Lied an den Abendstern) und spektakul\u00e4rer Chorszenen (Einzug der G\u00e4ste, Pilgerchor).<\/p>\n<p>Der herausragende Heldentenor Stefan Vinke singt zum ersten Mal die Rolle des Tannh\u00e4user:  &#8222;Erstmals als Tannh\u00e4user anzutreten ist eine gro\u00dfe, besondere Herausforderung, auf die ich mich sehr freue! F\u00fcr jeden S\u00e4nger ist es eine nervenaufreibende Sache, eine neue Partie zum ersten Mal auf die B\u00fchne und vor das Publikum zu bringen. Und ich glaube, je gr\u00f6\u00dfer die Partie ist, desto mehr &#8222;schwimmt&#8220; man bei der Vorstellung  im Adrenalin &#8222;Wenige Opern haben die Menschen so ergriffen, begl\u00fcckt, aber auch polarisiert, wie der &#8222;Tannh\u00e4user&#8220;, der nun auch au\u00dferhalb seines vertrauten Bayreuther Umfelds Festspiele er\u00f6ffnet. Zu seinen Zukunftsperspektiven befragt, gibt Stefan Vinke zur Antwort: Ich m\u00f6chte das Publikum immer wieder erreichen, es unterhalten, ber\u00fchren und bewegen. Ich m\u00f6chte im Gespr\u00e4ch sein und bleiben- wegen meiner Interpretation der Musik.&#8220;<br \/>\nIntendant Heinz-Dieter Sense spricht von einer modernen und ausgezeichneten Inszenierung mit Top-Besetzung: &#8222;Selbst Bayreuth kann es nicht besser machen&#8220; Die gro\u00dfe romantische Oper in drei Akten &#8222;Tannh\u00e4user und der S\u00e4ngerkrieg auf Wartburg&#8220;wird in der Dresdner Urfassung von Kay Kuntze inszeniert. <\/p>\n<p>\nSpielzeit 2008:<br \/>\nRichard Wagner \/ Tannh\u00e4user und der S\u00e4ngerkrieg auf Wartburg<br \/>\nGrosse Romantische Oper in drei Akten<\/p>\n<p>Nach der Premiere am Freitag weitere Vorstellungen am 19. und 26. Juli 2008 sowie 3. und  8. August, jeweils 19.30 Uhr <br \/>\nAuff\u00fchrungsdauer: Beginn 19.30 &#8211; Ende ca. 23.30 <\/p>\n<p>\nGiacomo Puccini\/Giuseppe Verdi: Italienische Nacht<\/p>\n<p>Termine <br \/>\n\u00d6ffentl. Generalprobe: Am 16. Juli<br \/>\nPremiere am 18. Juli 2008 <br \/>\nWeitere Vorstellungen: Am 9. August, jeweils 20.30 Uhr <\/p>\n<p>\nGioacchino Rossini \/ Der Barbier von Sevilla<br \/>\nKomische Oper in zwei Akten &#8211; (in deutscher Sprache)<\/p>\n<p>Termine<br \/>\n\u00d6ffentl. Generalprobe: Am 23. Juli<br \/>\nPremiere am 25. Juli 2008 <br \/>\nWeitere Vorstellungen: Am 27. und 31. Juli sowie am 2., 7. und 10. August, jeweils 20.30 Uhr, am 10.08.2008 zus\u00e4tzlich um 15 Uhr <br \/>\nAuff\u00fchrungsdauer: Beginn 19.30 &#8211; Ende ca. 23.30 <br \/>\nAm 10. August: Beginn 15.00 &#8211; Ende ca. 18.00 u. Beginn 20.30 &#8211; Ende ca. 23.30 <\/p>\n<p>\nVorverkauf: Eutiner Festspiele, Am Schlossgarten 7, 23701 Eutin<br \/>\nTicket-Hotline: 04521\/800 10, Fax: 04521\/800 111<br \/>\nE-Mail: info@eutiner-festspiele.de<br \/>\nInternet: www.eutiner-festspiele.de <\/p>\n<p><\/p>\n","protected":false},"excerpt":{"rendered":"<p>Endlich hat die neue Spielzeit begonnen: Am Freitag fand die erste Premiere, Richard Wagners &#8222;Tannh\u00e4user&#8220;&#8220;, statt. Noch nie in der<\/p>\n","protected":false},"author":292,"featured_media":0,"comment_status":"open","ping_status":"open","sticky":false,"template":"","format":"standard","meta":{"colormag_page_container_layout":"default_layout","colormag_page_sidebar_layout":"default_layout","footnotes":""},"categories":[7],"tags":[],"class_list":["post-6749","post","type-post","status-publish","format-standard","hentry","category-wissenschaft"],"_links":{"self":[{"href":"https:\/\/hier-luebeck.de\/index.php\/wp-json\/wp\/v2\/posts\/6749","targetHints":{"allow":["GET"]}}],"collection":[{"href":"https:\/\/hier-luebeck.de\/index.php\/wp-json\/wp\/v2\/posts"}],"about":[{"href":"https:\/\/hier-luebeck.de\/index.php\/wp-json\/wp\/v2\/types\/post"}],"author":[{"embeddable":true,"href":"https:\/\/hier-luebeck.de\/index.php\/wp-json\/wp\/v2\/users\/292"}],"replies":[{"embeddable":true,"href":"https:\/\/hier-luebeck.de\/index.php\/wp-json\/wp\/v2\/comments?post=6749"}],"version-history":[{"count":0,"href":"https:\/\/hier-luebeck.de\/index.php\/wp-json\/wp\/v2\/posts\/6749\/revisions"}],"wp:attachment":[{"href":"https:\/\/hier-luebeck.de\/index.php\/wp-json\/wp\/v2\/media?parent=6749"}],"wp:term":[{"taxonomy":"category","embeddable":true,"href":"https:\/\/hier-luebeck.de\/index.php\/wp-json\/wp\/v2\/categories?post=6749"},{"taxonomy":"post_tag","embeddable":true,"href":"https:\/\/hier-luebeck.de\/index.php\/wp-json\/wp\/v2\/tags?post=6749"}],"curies":[{"name":"wp","href":"https:\/\/api.w.org\/{rel}","templated":true}]}}