{"id":6783,"date":"2008-07-17T23:10:41","date_gmt":"2008-07-17T23:10:41","guid":{"rendered":"http:\/\/testserver\/wordpress\/?p=6683"},"modified":"2008-07-17T23:10:41","modified_gmt":"2008-07-17T23:10:41","slug":"vfb_lbeck_mbel_kraft_ist_neuer_trikotwerbepartner","status":"publish","type":"post","link":"https:\/\/hier-luebeck.de\/index.php\/vfb_lbeck_mbel_kraft_ist_neuer_trikotwerbepartner\/","title":{"rendered":"VfB L\u00fcbeck: M\u00f6bel Kraft ist neuer Trikotwerbepartner"},"content":{"rendered":"<p><img decoding=\"async\" title=\"VfBTrikot-MKraft\" src=\"http:\/\/www.hier-luebeck.de\/images\/topics\/VfBTrikot-MKraft.jpg\" alt=\"VfBTrikot-MKraft\" \/><br \/>\nWie der VfB L\u00fcbeck mitteilt, ist es gelungen, einen neuen Trikotwerbepartner f\u00fcr die Saison 2008 \/ 2009 zu gewinnen. Das Segeberger Traditionsunternehmen M\u00f6bel Kraft steigt beim VfB ein und wird mit seinem Logo in den n\u00e4chsten zwei Jahren die gr\u00fcnen Heim- und die orangefarbenen Ausw\u00e4rtstrikots des VfB zieren.<\/p>\n<p>Foto \u00fc\/VfB L\u00fcbeck <br \/>\n<!--more-->M\u00f6bel Kraft, Norddeutschlands gr\u00f6\u00dftes M\u00f6belhaus, f\u00fchrt auf eine lange Tradition zur\u00fcck. Bereits 1893 er\u00f6ffnete Hinrich Kraft das Unternehmen als klassische Tischlerei. 1936 <br \/>\n\u00fcbernahm sein Sohn Artur Kraft den Betrieb und baute ihn zum f\u00fchrenden M\u00f6belunternehmen in Norddeutschland aus. Neben dem Stammhaus in Bad Segeberg betreibt M\u00f6bel Kraft seit dem Jahre 2001 ein weiteres M\u00f6belhaus am s\u00fcdlichen Hamburger Stadtrand in Buchholz in der Nordheide. Mit der Er\u00f6ffnung zweier Filialen im Jahr 2007 in Berlin sowie am Berliner Stadtrand in Fredersdorf-Vogelsdorf setzt das Traditionshaus M\u00f6bel Kraft sein kontinuierliches Wachstum fort. <\/p>\n<p>&#8222;Wir freuen uns, den VfB L\u00fcbeck unterst\u00fctzen zu k\u00f6nnen und dr\u00fccken ihm beide Daumen f\u00fcr die kommende Saison &#8211; gem\u00e4\u00df dem M\u00f6bel Kraft Motto &#8211; volle Kraft voraus!&#8220;, so Dr. Gunnar George, Gesch\u00e4ftsf\u00fchrer von M\u00f6bel Kraft. <\/p>\n<p>Auch Wolfgang Piest, Pr\u00e4sident des VfB L\u00fcbeck, blickt mit Zuversicht und Freude auf die Zusammenarbeit mit M\u00f6bel Kraft. &#8222;Ich freue mich auf diese Partnerschaft. Sie ist regional, solide und hilft uns sehr bei der Neuentwicklung. Ich bin \u00fcberzeugt, mit M\u00f6bel Kraft als starken Partner an unserer Seite einen erfolgreichen Weg beschreiten zu k\u00f6nnen.&#8220; <\/p>\n<p>Der VfB L\u00fcbeck freut sich, mit M\u00f6bel Kraft ein traditionelles, namhaftes Unternehmen aus der Region als Sponsor gewonnen zu haben und beide Partner hoffen auf eine lange, gemeinsame Zusammenarbeit. <\/p>\n","protected":false},"excerpt":{"rendered":"<p>Wie der VfB L\u00fcbeck mitteilt, ist es gelungen, einen neuen Trikotwerbepartner f\u00fcr die Saison 2008 \/ 2009 zu gewinnen. Das<\/p>\n","protected":false},"author":292,"featured_media":0,"comment_status":"open","ping_status":"open","sticky":false,"template":"","format":"standard","meta":{"colormag_page_container_layout":"default_layout","colormag_page_sidebar_layout":"default_layout","footnotes":""},"categories":[9],"tags":[],"class_list":["post-6783","post","type-post","status-publish","format-standard","hentry","category-sport-freizeit"],"_links":{"self":[{"href":"https:\/\/hier-luebeck.de\/index.php\/wp-json\/wp\/v2\/posts\/6783","targetHints":{"allow":["GET"]}}],"collection":[{"href":"https:\/\/hier-luebeck.de\/index.php\/wp-json\/wp\/v2\/posts"}],"about":[{"href":"https:\/\/hier-luebeck.de\/index.php\/wp-json\/wp\/v2\/types\/post"}],"author":[{"embeddable":true,"href":"https:\/\/hier-luebeck.de\/index.php\/wp-json\/wp\/v2\/users\/292"}],"replies":[{"embeddable":true,"href":"https:\/\/hier-luebeck.de\/index.php\/wp-json\/wp\/v2\/comments?post=6783"}],"version-history":[{"count":0,"href":"https:\/\/hier-luebeck.de\/index.php\/wp-json\/wp\/v2\/posts\/6783\/revisions"}],"wp:attachment":[{"href":"https:\/\/hier-luebeck.de\/index.php\/wp-json\/wp\/v2\/media?parent=6783"}],"wp:term":[{"taxonomy":"category","embeddable":true,"href":"https:\/\/hier-luebeck.de\/index.php\/wp-json\/wp\/v2\/categories?post=6783"},{"taxonomy":"post_tag","embeddable":true,"href":"https:\/\/hier-luebeck.de\/index.php\/wp-json\/wp\/v2\/tags?post=6783"}],"curies":[{"name":"wp","href":"https:\/\/api.w.org\/{rel}","templated":true}]}}