{"id":68133,"date":"2012-04-25T07:50:54","date_gmt":"2012-04-25T05:50:54","guid":{"rendered":"http:\/\/www.hier-luebeck.de\/?p=68133"},"modified":"2012-04-25T07:50:55","modified_gmt":"2012-04-25T05:50:55","slug":"kongress-effizienter-staat","status":"publish","type":"post","link":"https:\/\/hier-luebeck.de\/index.php\/kongress-effizienter-staat\/","title":{"rendered":"Kongress Effizienter Staat"},"content":{"rendered":"<p><a href=\"http:\/\/www.hier-luebeck.de\/2012\/04\/kongress-effizienter-staat\/effizienter_staat\/\" rel=\"attachment wp-att-68134\"><img loading=\"lazy\" decoding=\"async\" class=\"alignleft  wp-image-68134\" title=\"effizienter_staat\" src=\"http:\/\/www.hier-luebeck.de\/wp-content\/uploads\/2012\/04\/effizienter_staat.jpg\" alt=\"\" width=\"119\" height=\"140\" \/><\/a>Staatssekret\u00e4rin Cornelia Rogall-Grothe er\u00f6ffnet den 15. Kongress Effizienter Staat.<\/p>\n<p>&#8222;Ziel ist es, die Verwaltung fit zu machen f\u00fcr die Herausforderungen des 21. Jahrhunderts&#8220;, sagte Innenstaatssekret\u00e4rin Cornelia Rogall-Grothe in ihrer Er\u00f6ffnungsrede anl\u00e4sslich des Kongresses Effizienter Staat am 24. April 2012 in Berlin.<!--more--><\/p>\n<p>Zum ersten Mal hat hat der Kongress als &#8222;D-A-CH-Verwaltungskongress&#8220; stattgefunden &#8211; also in Zusammenarbeit von Deutschland, \u00d6sterreich und der Schweiz. Nachdem 2010 \u00d6sterreich Partnerland des Kongresses war und 2011 die Schweiz erg\u00e4nzen ab 2012 Redner beider L\u00e4nder dauerhaft das Programm des Effizienten Staates.<\/p>\n<p>Vernetzung und Transparenz sind heute die grundlegenden Eigenschaften des Verwaltungshandelns. E-Government ist ein gutes Beispiel daf\u00fcr. In den letzten Jahren wurde f\u00fcr das deutsche E-Government viel erreicht. Die Strukturen und Gremien sind etabliert, die Nationale E-Government-Strategie ist in der Umsetzung. Und das BMI hat in Zusammenarbeit mit den Ressorts, mit den L\u00e4ndern und Verb\u00e4nden ein E-Government-Gesetz erarbeitet. Seit einigen Wochen ist der Entwurf im Internet einsehbar.<\/p>\n<p>In Berlin findet am am 24. und 25. April 2012 der 15. Verwaltungskongress Effizienter Staat mit dem Motto &#8222;Perspektive Mitmach-Staat. Staatsmodernisierung zwischen Effizienz und Partizipation&#8220; statt. Der Kongress zeigt u.a. auf, wie die Legitimit\u00e4t, aber auch die Qualit\u00e4t der politischen Entscheidungen und der Verwaltungsdienstleistungen durch den Einbezug der B\u00fcrger erh\u00f6ht werden k\u00f6nnen.<\/p>\n","protected":false},"excerpt":{"rendered":"<p>Staatssekret\u00e4rin Cornelia Rogall-Grothe er\u00f6ffnet den 15. Kongress Effizienter Staat. &#8222;Ziel ist es, die Verwaltung fit zu machen f\u00fcr die Herausforderungen<\/p>\n","protected":false},"author":3,"featured_media":0,"comment_status":"open","ping_status":"open","sticky":false,"template":"","format":"standard","meta":{"colormag_page_container_layout":"default_layout","colormag_page_sidebar_layout":"default_layout","footnotes":""},"categories":[5],"tags":[5360,5359],"class_list":["post-68133","post","type-post","status-publish","format-standard","hentry","category-politik-wirtschaft","tag-effizienter-staat","tag-kongress"],"_links":{"self":[{"href":"https:\/\/hier-luebeck.de\/index.php\/wp-json\/wp\/v2\/posts\/68133","targetHints":{"allow":["GET"]}}],"collection":[{"href":"https:\/\/hier-luebeck.de\/index.php\/wp-json\/wp\/v2\/posts"}],"about":[{"href":"https:\/\/hier-luebeck.de\/index.php\/wp-json\/wp\/v2\/types\/post"}],"author":[{"embeddable":true,"href":"https:\/\/hier-luebeck.de\/index.php\/wp-json\/wp\/v2\/users\/3"}],"replies":[{"embeddable":true,"href":"https:\/\/hier-luebeck.de\/index.php\/wp-json\/wp\/v2\/comments?post=68133"}],"version-history":[{"count":2,"href":"https:\/\/hier-luebeck.de\/index.php\/wp-json\/wp\/v2\/posts\/68133\/revisions"}],"predecessor-version":[{"id":68136,"href":"https:\/\/hier-luebeck.de\/index.php\/wp-json\/wp\/v2\/posts\/68133\/revisions\/68136"}],"wp:attachment":[{"href":"https:\/\/hier-luebeck.de\/index.php\/wp-json\/wp\/v2\/media?parent=68133"}],"wp:term":[{"taxonomy":"category","embeddable":true,"href":"https:\/\/hier-luebeck.de\/index.php\/wp-json\/wp\/v2\/categories?post=68133"},{"taxonomy":"post_tag","embeddable":true,"href":"https:\/\/hier-luebeck.de\/index.php\/wp-json\/wp\/v2\/tags?post=68133"}],"curies":[{"name":"wp","href":"https:\/\/api.w.org\/{rel}","templated":true}]}}