{"id":6816,"date":"2008-07-23T00:24:20","date_gmt":"2008-07-23T00:24:20","guid":{"rendered":"http:\/\/testserver\/wordpress\/?p=6716"},"modified":"2008-07-23T00:24:20","modified_gmt":"2008-07-23T00:24:20","slug":"db_mit_der_bahn_zur_travemnder_woche","status":"publish","type":"post","link":"https:\/\/hier-luebeck.de\/index.php\/db_mit_der_bahn_zur_travemnder_woche\/","title":{"rendered":"DB: Mit der Bahn zur Travem\u00fcnder Woche"},"content":{"rendered":"<p><img decoding=\"async\" title=\"DBBetreuerin\" src=\"http:\/\/www.hier-luebeck.de\/images\/topics\/DBBetreuerin.jpg\" alt=\"DBBetreuerin\" \/><br \/>\nWie bekannt, setzt die Regionalbahn Schleswig-Holstein auch in diesem Jahr zus\u00e4tzliche Z\u00fcge zur Travem\u00fcnder Woche bis zum kommenden Sonntag ein. Hier noch einmal Einzelheiten:<\/p>\n<p>\n<!--more-->Ab L\u00fcbeck Hbf fahren die Zusatzz\u00fcge um 23.01 Uhr, 0.01 Uhr und am Sonnabend und Sonntag auch um 1.01 Uhr nach L\u00fcbeck-Travem\u00fcnde. <\/p>\n<p>Um 23.30 Uhr, 0.30 Uhr und am Sonnabend und Sonntag auch um 1.30 Uhr werden zus\u00e4tzliche R\u00fcckfahrtm\u00f6glichkeiten von L\u00fcbeck-Travem\u00fcnde Strand angeboten.<\/p>\n<p>Mit dem Zug um 23.30 Uhr besteht in L\u00fcbeck Hbf Anschluss an den Regional-Express nach Hamburg Hbf. Am Sonnabend und Sonntag erreichen die Fahrg\u00e4ste mit dem Zug um 0.30 Uhr in L\u00fcbeck Hbf eine Regionalbahn nach Hamburg Hbf mit Halt auf allen Unterwegsbahnh\u00f6fen.<\/p>\n<p>Tags\u00fcber fahren die Z\u00fcge im Stundentakt zwischen L\u00fcbeck Hbf und L\u00fcbeck-Travem\u00fcnde. Die Z\u00fcge um 6.01 Uhr und 7.01 Uhr ab L\u00fcbeck Hbf und in der Gegenrichtung um 6.30 Uhr und 7.30 Uhr werden wegen der Elektrifizierungsarbeiten durch Busse ersetzt (s. unsere PI 72\/2008 vom 7.5.2008)<\/p>\n<p>Zus\u00e4tzlich wird nachmittags und in den Abend- und Nachtstunden durch mehr Wagen das Sitzplatzangebot erh\u00f6ht. Die zus\u00e4tzlichen Z\u00fcge hat die Landesweite Verkehrsservicegesellschaft (LVS Schleswig-Holstein) bei der Regionalbahn Schleswig-Holstein bestellt.<\/p>\n<p>Auch die zus\u00e4tzlichen Z\u00fcge sind in die Fahrplanmedien der Bahn eingearbeitet und im Internet unter www.bahn.de abrufbar.<br \/>\nInformationen zu den Tarifangeboten und dem Fahrplan erhalten Sie im Internet unter www.bahn.de\/schleswig-holstein.<\/p>\n","protected":false},"excerpt":{"rendered":"<p>Wie bekannt, setzt die Regionalbahn Schleswig-Holstein auch in diesem Jahr zus\u00e4tzliche Z\u00fcge zur Travem\u00fcnder Woche bis zum kommenden Sonntag ein.<\/p>\n","protected":false},"author":292,"featured_media":0,"comment_status":"open","ping_status":"open","sticky":false,"template":"","format":"standard","meta":{"colormag_page_container_layout":"default_layout","colormag_page_sidebar_layout":"default_layout","footnotes":""},"categories":[15],"tags":[],"class_list":["post-6816","post","type-post","status-publish","format-standard","hentry","category-kultur"],"_links":{"self":[{"href":"https:\/\/hier-luebeck.de\/index.php\/wp-json\/wp\/v2\/posts\/6816","targetHints":{"allow":["GET"]}}],"collection":[{"href":"https:\/\/hier-luebeck.de\/index.php\/wp-json\/wp\/v2\/posts"}],"about":[{"href":"https:\/\/hier-luebeck.de\/index.php\/wp-json\/wp\/v2\/types\/post"}],"author":[{"embeddable":true,"href":"https:\/\/hier-luebeck.de\/index.php\/wp-json\/wp\/v2\/users\/292"}],"replies":[{"embeddable":true,"href":"https:\/\/hier-luebeck.de\/index.php\/wp-json\/wp\/v2\/comments?post=6816"}],"version-history":[{"count":0,"href":"https:\/\/hier-luebeck.de\/index.php\/wp-json\/wp\/v2\/posts\/6816\/revisions"}],"wp:attachment":[{"href":"https:\/\/hier-luebeck.de\/index.php\/wp-json\/wp\/v2\/media?parent=6816"}],"wp:term":[{"taxonomy":"category","embeddable":true,"href":"https:\/\/hier-luebeck.de\/index.php\/wp-json\/wp\/v2\/categories?post=6816"},{"taxonomy":"post_tag","embeddable":true,"href":"https:\/\/hier-luebeck.de\/index.php\/wp-json\/wp\/v2\/tags?post=6816"}],"curies":[{"name":"wp","href":"https:\/\/api.w.org\/{rel}","templated":true}]}}