{"id":68339,"date":"2012-04-28T23:24:39","date_gmt":"2012-04-28T21:24:39","guid":{"rendered":"http:\/\/www.hier-luebeck.de\/?p=68339"},"modified":"2012-04-29T00:11:27","modified_gmt":"2012-04-28T22:11:27","slug":"fw-lfvsh-hansapark-peter-harry-carstensen-in-kohle-verewigt","status":"publish","type":"post","link":"https:\/\/hier-luebeck.de\/index.php\/fw-lfvsh-hansapark-peter-harry-carstensen-in-kohle-verewigt\/","title":{"rendered":"FW-LFVSH: HansaPark: Peter Harry Carstensen in Kohle verewigt"},"content":{"rendered":"<p><a href=\"http:\/\/www.hier-luebeck.de\/2012\/04\/fw-lfvsh-hansapark-peter-harry-carstensen-in-kohle-verewigt\/tbf280412_hansapark_eroeffnung-5-bauabschnitt_freywald_340\/\" rel=\"attachment wp-att-68341\"><img loading=\"lazy\" decoding=\"async\" class=\"alignright size-large wp-image-68341\" title=\"tbf280412_Hansapark_Eroeffnung-5.Bauabschnitt_Freywald_340\" src=\"http:\/\/www.hier-luebeck.de\/wp-content\/uploads\/2012\/04\/tbf280412_Hansapark_Eroeffnung-5.Bauabschnitt_Freywald_340-509x340.jpg\" alt=\"\" width=\"509\" height=\"340\" srcset=\"https:\/\/hier-luebeck.de\/wp-content\/uploads\/2012\/04\/tbf280412_Hansapark_Eroeffnung-5.Bauabschnitt_Freywald_340-509x340.jpg 509w, https:\/\/hier-luebeck.de\/wp-content\/uploads\/2012\/04\/tbf280412_Hansapark_Eroeffnung-5.Bauabschnitt_Freywald_340-320x213.jpg 320w, https:\/\/hier-luebeck.de\/wp-content\/uploads\/2012\/04\/tbf280412_Hansapark_Eroeffnung-5.Bauabschnitt_Freywald_340.jpg 550w\" sizes=\"auto, (max-width: 509px) 100vw, 509px\" \/><\/a><strong>Fotos:<\/strong> Bei der \u00dcbergabe von rechts Landes-Jugendfeuerwehrwart Dirk Tschechne, MP Carstensen, Holger Bauer (LFV SH) <strong>(TBF\/Wolfgang Freywald (3),<\/strong> Portrait: unbekannt)<\/p>\n<p>Kiel (ots) &#8211; Ministerpr\u00e4sident Peter Harry Carstensen sollte am Samstag (28.4.) eigentlich &#8222;nur&#8220; im feierlichen Rahmen den 5. Bauabschnitt der &#8222;Hanse-Themenwelt&#8220; im &#8222;Hansa-Park in Sierksdorf er\u00f6ffnen. <!--more-->Was ihn jedoch nach dem Durchschneiden eines roten Bandes erwartete, trieb dem Regierungschef die R\u00fchrung in die Augen: Mit einem lebensechten Portrait in Kohletechnik \u00fcberraschte ihn die schleswig-holsteinische Jugendfeuerwehr im Landesfeuerwehrverband und bedankte sich auf diesem Wege f\u00fcr die stete tatkr\u00e4ftige Unterst\u00fctzung des MP f\u00fcr die Feuerwehr-Jugendarbeit in dessen Amtszeit.<\/p>\n<p>Das Bild &#8211; in edlem Rahmen gefasst &#8211; zeigt Carstensen bei einem seiner Besuche bei der Jugendfeuerwehr stilecht mit einem Feuerwehrhelm mit den Initialen &#8222;PHC&#8220;, der ihm seinerzeit \u00fcberreicht wurde. <a href=\"http:\/\/www.hier-luebeck.de\/2012\/04\/fw-lfvsh-hansapark-peter-harry-carstensen-in-kohle-verewigt\/tbf280412_hansapark_eroeffnung-5-bauabschnitt_freywald_337\/\" rel=\"attachment wp-att-68340\"><img loading=\"lazy\" decoding=\"async\" class=\"alignright size-full wp-image-68340\" title=\"tbf280412_Hansapark_Eroeffnung-5.Bauabschnitt_Freywald_337\" src=\"http:\/\/www.hier-luebeck.de\/wp-content\/uploads\/2012\/04\/tbf280412_Hansapark_Eroeffnung-5.Bauabschnitt_Freywald_337.jpg\" alt=\"\" width=\"550\" height=\"367\" srcset=\"https:\/\/hier-luebeck.de\/wp-content\/uploads\/2012\/04\/tbf280412_Hansapark_Eroeffnung-5.Bauabschnitt_Freywald_337.jpg 550w, https:\/\/hier-luebeck.de\/wp-content\/uploads\/2012\/04\/tbf280412_Hansapark_Eroeffnung-5.Bauabschnitt_Freywald_337-320x213.jpg 320w, https:\/\/hier-luebeck.de\/wp-content\/uploads\/2012\/04\/tbf280412_Hansapark_Eroeffnung-5.Bauabschnitt_Freywald_337-509x340.jpg 509w\" sizes=\"auto, (max-width: 550px) 100vw, 550px\" \/><\/a>Das Originalfoto nahm der Kieler K\u00fcnstler Peter Michael Krohn als Vorlage und fertigte eine Kohlezeichnung im A3-Format. \u00dcberreicht wurde ihm das Bild von Landes-Jugendfeuerwehrwart Dirk Tschechne und Holger Bauer vom Landesfeuerwehrverband mit denen Carstensen in seiner Amtszeit h\u00e4ufig zusammenarbeitete. &#8222;Jungs, das habt ihr doll gemacht&#8220;, war der erste Kommentar des scheidenden Ministerpr\u00e4sidenten, der aber auch schnell wieder zu alter Form auflief: &#8222;Das Bild zeigt sehr gut, warum sich meine Frau f\u00fcr mich entscheiden hat&#8220;, witzelte er. Landes-Jugendfeuerwehrwart Dirk Tschechne verband die \u00dcbergabe des Pr\u00e4sents mit der Bitte, die Wichtigkeit des ehrenamtlichen Feuerwehrsystems auch seinem Nachfolger deutlich zu machen.<\/p>\n<p><a href=\"http:\/\/www.hier-luebeck.de\/2012\/04\/fw-lfvsh-hansapark-peter-harry-carstensen-in-kohle-verewigt\/tbf280412_hansapark_eroeffnung-5-bauabschnitt_freywald_344\/\" rel=\"attachment wp-att-68342\"><img loading=\"lazy\" decoding=\"async\" class=\"alignright size-full wp-image-68342\" title=\"tbf280412_Hansapark_Eroeffnung-5.Bauabschnitt_Freywald_344\" src=\"http:\/\/www.hier-luebeck.de\/wp-content\/uploads\/2012\/04\/tbf280412_Hansapark_Eroeffnung-5.Bauabschnitt_Freywald_344.jpg\" alt=\"\" width=\"550\" height=\"367\" srcset=\"https:\/\/hier-luebeck.de\/wp-content\/uploads\/2012\/04\/tbf280412_Hansapark_Eroeffnung-5.Bauabschnitt_Freywald_344.jpg 550w, https:\/\/hier-luebeck.de\/wp-content\/uploads\/2012\/04\/tbf280412_Hansapark_Eroeffnung-5.Bauabschnitt_Freywald_344-320x213.jpg 320w, https:\/\/hier-luebeck.de\/wp-content\/uploads\/2012\/04\/tbf280412_Hansapark_Eroeffnung-5.Bauabschnitt_Freywald_344-509x340.jpg 509w\" sizes=\"auto, (max-width: 550px) 100vw, 550px\" \/><\/a>&#8222;Ein Wort an der richtigen Stelle hilft uns mitunter mehr als ein Bewilligungsbescheid&#8220;, machte Tschechne deutlich, dass es nicht immer nur ums Geld gehe, sondern dass Politiker sich f\u00fcr das Ehrenamt in de r Feuerwehr auch in ihrem Handeln und Tun verdient machen k\u00f6nnen. &#8222;Sie sind bei der Jugendfeuerwehr in ihrer Rolle als Landesvater immer richtig aufgegangen&#8220;, lobte Tschechne.<a href=\"http:\/\/www.hier-luebeck.de\/2012\/04\/fw-lfvsh-hansapark-peter-harry-carstensen-in-kohle-verewigt\/peter-harry-carstensen-in-kohle-gezeichnet1\/\" rel=\"attachment wp-att-68343\"><img loading=\"lazy\" decoding=\"async\" class=\"alignright size-full wp-image-68343\" title=\"Peter-Harry-Carstensen-in-Kohle-gezeichnet1\" src=\"http:\/\/www.hier-luebeck.de\/wp-content\/uploads\/2012\/04\/Peter-Harry-Carstensen-in-Kohle-gezeichnet1.jpg\" alt=\"\" width=\"500\" height=\"750\" srcset=\"https:\/\/hier-luebeck.de\/wp-content\/uploads\/2012\/04\/Peter-Harry-Carstensen-in-Kohle-gezeichnet1.jpg 500w, https:\/\/hier-luebeck.de\/wp-content\/uploads\/2012\/04\/Peter-Harry-Carstensen-in-Kohle-gezeichnet1-213x320.jpg 213w, https:\/\/hier-luebeck.de\/wp-content\/uploads\/2012\/04\/Peter-Harry-Carstensen-in-Kohle-gezeichnet1-226x340.jpg 226w\" sizes=\"auto, (max-width: 500px) 100vw, 500px\" \/><\/a><\/p>\n<div>\n<p>&nbsp;<\/p>\n<\/div>\n","protected":false},"excerpt":{"rendered":"<p>Fotos: Bei der \u00dcbergabe von rechts Landes-Jugendfeuerwehrwart Dirk Tschechne, MP Carstensen, Holger Bauer (LFV SH) (TBF\/Wolfgang Freywald (3), Portrait: unbekannt)<\/p>\n","protected":false},"author":3,"featured_media":68341,"comment_status":"open","ping_status":"open","sticky":false,"template":"","format":"standard","meta":{"colormag_page_container_layout":"default_layout","colormag_page_sidebar_layout":"default_layout","footnotes":""},"categories":[13],"tags":[5461],"class_list":["post-68339","post","type-post","status-publish","format-standard","has-post-thumbnail","hentry","category-veranstaltungen","tag-fw-lfvsh-peter-harry-carstensen-in-kohle-verewigt"],"_links":{"self":[{"href":"https:\/\/hier-luebeck.de\/index.php\/wp-json\/wp\/v2\/posts\/68339","targetHints":{"allow":["GET"]}}],"collection":[{"href":"https:\/\/hier-luebeck.de\/index.php\/wp-json\/wp\/v2\/posts"}],"about":[{"href":"https:\/\/hier-luebeck.de\/index.php\/wp-json\/wp\/v2\/types\/post"}],"author":[{"embeddable":true,"href":"https:\/\/hier-luebeck.de\/index.php\/wp-json\/wp\/v2\/users\/3"}],"replies":[{"embeddable":true,"href":"https:\/\/hier-luebeck.de\/index.php\/wp-json\/wp\/v2\/comments?post=68339"}],"version-history":[{"count":3,"href":"https:\/\/hier-luebeck.de\/index.php\/wp-json\/wp\/v2\/posts\/68339\/revisions"}],"predecessor-version":[{"id":68362,"href":"https:\/\/hier-luebeck.de\/index.php\/wp-json\/wp\/v2\/posts\/68339\/revisions\/68362"}],"wp:featuredmedia":[{"embeddable":true,"href":"https:\/\/hier-luebeck.de\/index.php\/wp-json\/wp\/v2\/media\/68341"}],"wp:attachment":[{"href":"https:\/\/hier-luebeck.de\/index.php\/wp-json\/wp\/v2\/media?parent=68339"}],"wp:term":[{"taxonomy":"category","embeddable":true,"href":"https:\/\/hier-luebeck.de\/index.php\/wp-json\/wp\/v2\/categories?post=68339"},{"taxonomy":"post_tag","embeddable":true,"href":"https:\/\/hier-luebeck.de\/index.php\/wp-json\/wp\/v2\/tags?post=68339"}],"curies":[{"name":"wp","href":"https:\/\/api.w.org\/{rel}","templated":true}]}}