{"id":68444,"date":"2012-04-29T05:10:02","date_gmt":"2012-04-29T05:10:02","guid":{"rendered":"http:\/\/www.hier-luebeck.de\/2012\/04\/fw-hl-grossfeuer-in-der-lubecker-innenstadt\/"},"modified":"2012-04-29T05:10:02","modified_gmt":"2012-04-29T05:10:02","slug":"fw-hl-grossfeuer-in-der-lubecker-innenstadt","status":"publish","type":"post","link":"https:\/\/hier-luebeck.de\/index.php\/fw-hl-grossfeuer-in-der-lubecker-innenstadt\/","title":{"rendered":"FW-HL: Grossfeuer in der L\u00fcbecker Innenstadt"},"content":{"rendered":"<p>L\u00fcbeck (ots) &#8211; In der Nacht auf den Sonntag wurde die Feuerwehr  L\u00fcbeck um 2:22 Uhr in die L\u00fcbecker Innenstadt zu einer  Rauchentwicklung gerufen. An der Ecke K\u00f6nigstrasse \/ H\u00fcxstrasse war  aus einem f\u00fcnf gescho\u00dfigen Eckgeb\u00e4ude im zweiten Obergescho\u00df eine  starke Rauchentwicklung ohne Flammenschein sichtbar. Personen waren  nicht in dem Geb\u00e4ude.<!--more--> Das Geb\u00e4ude befindet sich zur Zeit im  Innenausbau. Mit der W\u00e4rmebildkamera wurde der Brandherd gesucht und  im zweiten Gescho\u00df lokalisiert.     Der Brandherd im zweiten Gescho\u00df wurde im Innenangriff mit einem  C-Rohr und von au\u00dfen mit einem Wenderohr auf einer Drehleiter  bek\u00e4mpft und konnte zun\u00e4chst gehalten werden. \u00dcber die im Ausbau  befindlichen Fahrstuhlsch\u00e4chte, durch offene, h\u00f6lzerne Zwischendecken und durch die altbauweise konnte sich das Feuer aber auch in das  erste Obergescho\u00df und in das dritte Obergescho\u00df ausdehnen. Im   Nachbargeb\u00e4ude in der K\u00f6nigstrasse ging ein Trupp mit einem C-Rohr in Bereitschaft um eine Ausdehnung zu verhindern. Zwei weitere  Drehleitern wurden um das Geb\u00e4ude herum in Stellung gebracht, da auch eine Durchz\u00fcndung in das Dach nicht ausgeschlossen werden konnte. Die Brandstelle wurde in zwei Brandabschnitte eingeteilt.     Gegen vier Uhr war durch die L\u00f6scharbeiten eine Abschw\u00e4chung der  Rauchentwicklung erkennbar. Im Geb\u00e4ude waren zweitgleich jeweils vier Trupps unter schweren Atemschutz zur Brandbek\u00e4mpfung eingesetzt.  Jeder Trupp kann ca. 30 min eingesetzt werden. An der Einsatzstelle  sind zur Zeit etwa f\u00fcnfzig Einsatzkr\u00e4fte der Wachen 1 und 2, der  Freiwilligen Feuerwehr Innenstadt, Padel\u00fcgge-Buntekuh,Vorwerk,  Moisling, Israelsdorf und der Verpflegungszug des Deutschen Roten  Kreuz. In den Bereitschaftsr\u00e4umen und auf der Wache 1 befinden sich  drei\u00dfig weitere Einsatzkr\u00e4fte.     Um f\u00fcnf Uhr konnte in beiden Brandabschnitten &#8222;Feuer unter  Kontrolle&#8220; gemeldet werden. Der Einsatz wird voraussichtlich bis in  die Vormittagsstunden andauern.     <\/p>\n<p>Quelle: <a href=\"http:\/\/www.presseportal.de\/polizeipresse\/pm\/52865\/2243336\/fw-hl-grossfeuer-in-der-luebecker-innenstadt\/api\" target=\"_blank\">presseportal.de<\/a><\/p>\n","protected":false},"excerpt":{"rendered":"<p>L\u00fcbeck (ots) &#8211; In der Nacht auf den Sonntag wurde die Feuerwehr L\u00fcbeck um 2:22 Uhr in die L\u00fcbecker Innenstadt<\/p>\n","protected":false},"author":3,"featured_media":0,"comment_status":"open","ping_status":"open","sticky":false,"template":"","format":"standard","meta":{"colormag_page_container_layout":"default_layout","colormag_page_sidebar_layout":"default_layout","footnotes":""},"categories":[20],"tags":[],"class_list":["post-68444","post","type-post","status-publish","format-standard","hentry","category-besondere-neuigkeiten"],"_links":{"self":[{"href":"https:\/\/hier-luebeck.de\/index.php\/wp-json\/wp\/v2\/posts\/68444","targetHints":{"allow":["GET"]}}],"collection":[{"href":"https:\/\/hier-luebeck.de\/index.php\/wp-json\/wp\/v2\/posts"}],"about":[{"href":"https:\/\/hier-luebeck.de\/index.php\/wp-json\/wp\/v2\/types\/post"}],"author":[{"embeddable":true,"href":"https:\/\/hier-luebeck.de\/index.php\/wp-json\/wp\/v2\/users\/3"}],"replies":[{"embeddable":true,"href":"https:\/\/hier-luebeck.de\/index.php\/wp-json\/wp\/v2\/comments?post=68444"}],"version-history":[{"count":0,"href":"https:\/\/hier-luebeck.de\/index.php\/wp-json\/wp\/v2\/posts\/68444\/revisions"}],"wp:attachment":[{"href":"https:\/\/hier-luebeck.de\/index.php\/wp-json\/wp\/v2\/media?parent=68444"}],"wp:term":[{"taxonomy":"category","embeddable":true,"href":"https:\/\/hier-luebeck.de\/index.php\/wp-json\/wp\/v2\/categories?post=68444"},{"taxonomy":"post_tag","embeddable":true,"href":"https:\/\/hier-luebeck.de\/index.php\/wp-json\/wp\/v2\/tags?post=68444"}],"curies":[{"name":"wp","href":"https:\/\/api.w.org\/{rel}","templated":true}]}}