{"id":6850,"date":"2008-07-27T13:00:34","date_gmt":"2008-07-27T13:00:34","guid":{"rendered":"http:\/\/testserver\/wordpress\/?p=6750"},"modified":"2008-07-27T13:00:34","modified_gmt":"2008-07-27T13:00:34","slug":"fernsehserie_planet_wissen_lehrreich__aber_nicht_belehrend_programm_w_31","status":"publish","type":"post","link":"https:\/\/hier-luebeck.de\/index.php\/fernsehserie_planet_wissen_lehrreich__aber_nicht_belehrend_programm_w_31\/","title":{"rendered":"Fernsehserie &#8222;Planet Wissen&#8220; Lehrreich &#8211; aber nicht belehrend! Programm W 31"},"content":{"rendered":"<p><img decoding=\"async\" title=\"planet-wissen\" src=\"http:\/\/www.hier-luebeck.de\/images\/topics\/planet-wissen.jpg\" alt=\"planet-wissen\" \/><br \/>\nThemen der Fernseh-Sendereihe &#8222;Planet Wissen&#8220;, die Ihnen kommende Woche von<br \/>\nBirgit Klaus und Dennis Wilms pr\u00e4sentiert werden:<br \/>\nMo: Leben im Schwarzwald &#8211; Von Bauern, Fl\u00f6\u00dfern und T\u00fcftlern<br \/>\nDi: Sch\u00f6nes Elsass &#8211; Fachwerk, Sauerkraut und savoir vivre<br \/>\nMi: Weites Land Sibirien<br \/>\nDo: Riesenreich Russland &#8211; Comeback einer Weltmacht?<br \/>\nFr: Zauber des Orients &#8211; Von Haremsdamen und M\u00e4rchenerz\u00e4hlern<br \/>\n<!--more-->Montag, 28.07.2008<br \/>\nLeben im Schwarzwald &#8211; Von Bauern, Fl\u00f6\u00dfern und T\u00fcftlern<br \/>\nVon wegen Schwarzwaldidylle, Bollenhut und Kuckucksuhr &#8211; das Leben im Schwarzwald war extrem hart! Denn der Schwarzwald war fr\u00fcher kein aufger\u00e4umter Fichtenwald wie heute, sondern ein undurchdringlicher und unwirtlicher Urwald. Doch Not macht bekanntlich erfinderisch! Schon allein der Bau eines Schwarzwaldhofes steckt voller \u00fcberraschender und durchdachter Details, wie Thomas Hafen vom Freilichtmuseum Vogtsbauernhof in Gutach im Studio berichtet.<\/p>\n<p>Dienstag, 29.07.2008<br \/>\nSch\u00f6nes Elsass &#8211; Fachwerk, Sauerkraut und savoir vivre<br \/>\nDie bewegte Geschichte der lieblichen Region zwischen Rhein und Vogesen beeinflusst bis heute die Mentalit\u00e4t der Els\u00e4sser. Allein vier Mal ab 1871 wechselten die Els\u00e4sser die Nationalit\u00e4t beziehungsweise bekamen eine neue Nationalit\u00e4t aufgezwungen. Vielleicht ja mit ein Grund, warum rechtnationale Parteien im Elsass hohen Zuspruch finden. Einen ganz anderen Umgang mit dem Thema demonstriert uns der Stra\u00dfburger Kabarettist und Chansonnier Roger Siffer.<\/p>\n<p>Mittwoch, 30.07.2008<br \/>\nWeites Land Sibirien<br \/>\nSibirien &#8211; ein weites und im Winter kaltes Land. Gro\u00dfe Teile sind dann von Eis und Schnee bedeckt. Und oft steht Sibirien f\u00fcr die Verbannung politisch Andersdenkender. Nicht nur durch die Arbeitsstrapazen in den Lagern sind viele Menschen umgekommen, die extreme K\u00e4lte und der Wind der Steppe forderten ebenso ihren Tribut. Studiogast und ARD-Russland-Korrespondent Thomas Roth kam in der K\u00e4lte Sibiriens ohne drei Lagen Vliespullies und Filzschuhe auch nicht aus.<\/p>\n<p>Donnerstag, 31.07.2008<br \/>\nRiesenreich Russland &#8211; Comeback einer Weltmacht?<br \/>\nThomas Roth unterh\u00e4lt sich mit Birgit Klaus und Dennis Wilms \u00fcber die russische Sprache. Die Russen benutzen in ihrer Sprache die kyrillische Schrift. Wie genau das Kyrillische entstanden ist, das wei\u00df man nicht. Sicher ist, dass das Kyrillische im 9. Jahrhundert in Bulgarien erfunden wurde, wohl um in den slawischen Sprachen die Bibel besser \u00fcbersetzen zu k\u00f6nnen. Au\u00dferdem gibt es in der russischen Sprache viele Lehnw\u00f6rter aus anderen Sprachen gibt. Thomas Roth zeigen einige Beispiele von Entlehnungen aus dem Deutschen.<\/p>\n<p>Freitag, 01.08.2008<br \/>\nZauber des Orients &#8211; Von Haremsdamen und M\u00e4rchenerz\u00e4hlern<br \/>\nBei Planet Wissen geht es heute um die exotische und faszinierende Welt des Orients. Was macht die orientalische Kultur wirklich aus? Gibt es die \u00fcberaus gro\u00dfz\u00fcgige Gastfreundschaft, mit denen Fremde in den L\u00e4ndern des nahen und mittleren Ostens Fremde empfangen und bewirtet werden wirklich? Diese Fragen wollen wir mit unserem Studiogast, der Orientalistin Claudia Ott kl\u00e4ren. Zum Mythos Orient geh\u00f6ren auch seine Gew\u00fcrze und D\u00fcfte, wie Safran, Kardamom und Zimt.<\/p>\n<p>\nSendezeiten:<\/p>\n<p>Jeweils um 15 Uhr im SWR Fernsehen, im WDR Fernsehen auf BR alpha. Als Wiederholung einen Tag sp\u00e4ter um 8.20 Uhr im WDR Fernsehen (Samstag 8:05 Uhr), um 4.00 Uhr im SWR Fernsehen, um 21.45 Uhr auf BR alpha und im dritten Programm des RBB um 14.15 Uhr!<\/p>\n<p>\nUnd hier geht&#8217;s zur Homepage http:\/\/www.planet-wissen.de\/<\/p>\n<p>Was sagt Planet Wissen u. a. \u00fcber sich selbst?<br \/>\nAlles was spannend, \u00fcberraschend, interessant ist, kann Thema f\u00fcr Planet Wissen sein. In Filmen, Gespr\u00e4chen und Studioaktionen entdecken wir das Ungew\u00f6hnliche im Allt\u00e4glichen, erkl\u00e4ren das Fremde und beantworten die wichtigsten Fragen. Mit dabei ist immer ein Studiogast: Egal ob Prominenter, wissenschaftlicher Experte oder Zeitzeuge &#8211; unsere G\u00e4ste wissen, wovon sie reden. Spannende Geschichten, pers\u00f6nliche Erlebnisse, interessante Einblicke sind garantiert. Wie eine Planet-Wissen-Sendung von der Idee bis zur Aufzeichnung entsteht, k\u00f6nnen Sie sich in unserer Bildergalerie anschauen: Klicken Sie einfach in der rechten Spalte auf &#8222;Bildergalerie &#8211; Von der Idee zur Sendung&#8220;.<\/p>\n<p>Als Gastgeber wechseln sich unsere beiden Moderatorenpaare ab: In der einen Woche laden Birgit Klaus und Dennis Wilms vom SWR ihre G\u00e4ste nach Baden-Baden ein. In der n\u00e4chsten Woche \u00fcbernehmen Brigitte Pavetic und Till Nassif vom WDR in Dortmund.<\/p>\n<p>Doch Planet Wissen endet nicht mit dem Abspann &#8211; im Internet geht&#8217;s weiter: Unter www.planet-wissen.de finden Sie zu jedem Sendungsthema vertiefende Informationen und zus\u00e4tzliche Aspekte. Hier k\u00f6nnen Sie sich auch selbst auf die Reise nach den Wissenszielen machen, die Sie besonders interessieren: Von Natur und Technik \u00fcber L\u00e4nder und Leute bis zu Alltag und Leben &#8211; bei uns k\u00f6nnen Sie in jedem Bereich neues Wissen sammeln. In Texten, Bildern und Videos beleuchten wir unsere Themen von ganz verschiedenen Seiten. Einen anderen Zugang bieten unsere interaktiven Multimedia-Elemente, wie zum Beispiel der Tauchgang in die Ostsee oder die Zeitreise durch die Geschichte Kubas. Schauen Sie einfach in unsere Multimedia-Galaxie. Und auch ein Besuch im Multimedia-Studio lohnt sich. Unser virtueller Dennis freut sich schon auf Sie.<\/p>\n<p>Quelle:<br \/>\nMit freundlicher Gehehmigung<br \/>\nWDR\/SWR-Planet-Wissen-Redaktion<\/p>\n","protected":false},"excerpt":{"rendered":"<p>Themen der Fernseh-Sendereihe &#8222;Planet Wissen&#8220;, die Ihnen kommende Woche von Birgit Klaus und Dennis Wilms pr\u00e4sentiert werden: Mo: Leben im<\/p>\n","protected":false},"author":292,"featured_media":0,"comment_status":"open","ping_status":"open","sticky":false,"template":"","format":"standard","meta":{"colormag_page_container_layout":"default_layout","colormag_page_sidebar_layout":"default_layout","footnotes":""},"categories":[7],"tags":[],"class_list":["post-6850","post","type-post","status-publish","format-standard","hentry","category-wissenschaft"],"_links":{"self":[{"href":"https:\/\/hier-luebeck.de\/index.php\/wp-json\/wp\/v2\/posts\/6850","targetHints":{"allow":["GET"]}}],"collection":[{"href":"https:\/\/hier-luebeck.de\/index.php\/wp-json\/wp\/v2\/posts"}],"about":[{"href":"https:\/\/hier-luebeck.de\/index.php\/wp-json\/wp\/v2\/types\/post"}],"author":[{"embeddable":true,"href":"https:\/\/hier-luebeck.de\/index.php\/wp-json\/wp\/v2\/users\/292"}],"replies":[{"embeddable":true,"href":"https:\/\/hier-luebeck.de\/index.php\/wp-json\/wp\/v2\/comments?post=6850"}],"version-history":[{"count":0,"href":"https:\/\/hier-luebeck.de\/index.php\/wp-json\/wp\/v2\/posts\/6850\/revisions"}],"wp:attachment":[{"href":"https:\/\/hier-luebeck.de\/index.php\/wp-json\/wp\/v2\/media?parent=6850"}],"wp:term":[{"taxonomy":"category","embeddable":true,"href":"https:\/\/hier-luebeck.de\/index.php\/wp-json\/wp\/v2\/categories?post=6850"},{"taxonomy":"post_tag","embeddable":true,"href":"https:\/\/hier-luebeck.de\/index.php\/wp-json\/wp\/v2\/tags?post=6850"}],"curies":[{"name":"wp","href":"https:\/\/api.w.org\/{rel}","templated":true}]}}