{"id":6852,"date":"2008-07-27T17:12:04","date_gmt":"2008-07-27T17:12:04","guid":{"rendered":"http:\/\/testserver\/wordpress\/?p=6752"},"modified":"2008-07-27T17:12:04","modified_gmt":"2008-07-27T17:12:04","slug":"db_oberleitungsmontage_zwischen_lbeck_hbf_und_schwartauwaldhalle","status":"publish","type":"post","link":"https:\/\/hier-luebeck.de\/index.php\/db_oberleitungsmontage_zwischen_lbeck_hbf_und_schwartauwaldhalle\/","title":{"rendered":"DB: Oberleitungsmontage zwischen L\u00fcbeck Hbf und Schwartau-Waldhalle"},"content":{"rendered":"<p><img decoding=\"async\" title=\"DBErsatzverk\" src=\"http:\/\/www.hier-luebeck.de\/images\/topics\/DBErsatzverk\" alt=\"DBErsatzverk\" \/><br \/>\nDie Deutsche Bahn AG montiert von Montag, 28. Juli, 23 Uhr, bis Dienstag, 29. Juli 2008, ca. 6 Uhr, den Oberleitungsdraht zwischen L\u00fcbeck Hbf und Schwartau-Waldhalle. Das bedingt Bus-Ersatzverkehr. Hier die Einzelheiten:<br \/>\n<!--more-->F\u00fcr diese Arbeiten muss die zweigleisige Strecke komplett gesperrt werden. Aus diesem Grund werden in dieser Zeit die Z\u00fcge von L\u00fcbeck Hbf nach Neustadt (Holst)\/Puttgarden und in der Gegenrichtung zwischen Timmendorfer Strand und L\u00fcbeck durch Busse mit Halt in Bad Schwartau ersetzt. <\/p>\n<p>Die Z\u00fcge von L\u00fcbeck Hbf nach Kiel Hbf enden und beginnen in Pansdorf. Zwischen Pansdorf und L\u00fcbeck und in der Gegenrichtung fahren Busse mit Halt in Bad Schwartau.<\/p>\n<p>In den Bussen sind der Kauf von Fahrscheinen und die Mitnahme von Fahrr\u00e4dern leider nicht m\u00f6glich.<\/p>\n<p>Detaillierte Infos zu den Fahrzeiten erhalten Reisende im Internet unter www.bahn.de\/bauarbeiten. Die Fahrg\u00e4ste werden \u00fcber Lautsprecheransagen, Aush\u00e4nge in den Bahnh\u00f6fen sowie in den Z\u00fcgen durch das Zugbegleitpersonal informiert. Reisende werden gebeten, die \u00c4nderungen bei Ihren Reiseplanungen zu ber\u00fccksichtigen.<\/p>\n<p>Quelle: DB Mobility Logistics AG<\/p>\n","protected":false},"excerpt":{"rendered":"<p>Die Deutsche Bahn AG montiert von Montag, 28. Juli, 23 Uhr, bis Dienstag, 29. Juli 2008, ca. 6 Uhr, den<\/p>\n","protected":false},"author":292,"featured_media":0,"comment_status":"open","ping_status":"open","sticky":false,"template":"","format":"standard","meta":{"colormag_page_container_layout":"default_layout","colormag_page_sidebar_layout":"default_layout","footnotes":""},"categories":[15],"tags":[],"class_list":["post-6852","post","type-post","status-publish","format-standard","hentry","category-kultur"],"_links":{"self":[{"href":"https:\/\/hier-luebeck.de\/index.php\/wp-json\/wp\/v2\/posts\/6852","targetHints":{"allow":["GET"]}}],"collection":[{"href":"https:\/\/hier-luebeck.de\/index.php\/wp-json\/wp\/v2\/posts"}],"about":[{"href":"https:\/\/hier-luebeck.de\/index.php\/wp-json\/wp\/v2\/types\/post"}],"author":[{"embeddable":true,"href":"https:\/\/hier-luebeck.de\/index.php\/wp-json\/wp\/v2\/users\/292"}],"replies":[{"embeddable":true,"href":"https:\/\/hier-luebeck.de\/index.php\/wp-json\/wp\/v2\/comments?post=6852"}],"version-history":[{"count":0,"href":"https:\/\/hier-luebeck.de\/index.php\/wp-json\/wp\/v2\/posts\/6852\/revisions"}],"wp:attachment":[{"href":"https:\/\/hier-luebeck.de\/index.php\/wp-json\/wp\/v2\/media?parent=6852"}],"wp:term":[{"taxonomy":"category","embeddable":true,"href":"https:\/\/hier-luebeck.de\/index.php\/wp-json\/wp\/v2\/categories?post=6852"},{"taxonomy":"post_tag","embeddable":true,"href":"https:\/\/hier-luebeck.de\/index.php\/wp-json\/wp\/v2\/tags?post=6852"}],"curies":[{"name":"wp","href":"https:\/\/api.w.org\/{rel}","templated":true}]}}