{"id":6853,"date":"2008-07-27T17:17:31","date_gmt":"2008-07-27T17:17:31","guid":{"rendered":"http:\/\/testserver\/wordpress\/?p=6753"},"modified":"2008-07-27T17:17:31","modified_gmt":"2008-07-27T17:17:31","slug":"ihk_wachstumsachse_hamburglbeck_resund_schon_jetzt_vermarkten","status":"publish","type":"post","link":"https:\/\/hier-luebeck.de\/index.php\/ihk_wachstumsachse_hamburglbeck_resund_schon_jetzt_vermarkten\/","title":{"rendered":"IHK: Wachstumsachse Hamburg-L\u00fcbeck \u00d6resund schon jetzt vermarkten"},"content":{"rendered":"<p><img decoding=\"async\" title=\"IHK_LogoHL\" src=\"http:\/\/www.hier-luebeck.de\/images\/topics\/IHK_LogoHL.jpg\" alt=\"IHK_LogoHL\" \/><br \/>\nDie Wachstumsachse Hamburg-L\u00fcbeck-\u00d6resund hat gro\u00dfe Chancen, zu einer der gr\u00f6\u00dften Wachstumsregionen in Nordeuropa zu werden. <br \/>\nDazu Heinrich Lieser, Vorsitzender der Gesch\u00e4ftsf\u00fchrung der Hamburgischen Gesellschaft f\u00fcr Wirtschaftsf\u00f6rderung mbH:<!--more-->&#8222;Wir m\u00fcssen die Region nur richtig vermarkten&#8220;, sagte er vor 75 Vertretern aus Wirtschaft, Politik und Verwaltung. <\/p>\n<p>Die IHK zu L\u00fcbeck hatte zu der Veranstaltung zu den Chancen aus dem Bau der festen Fehmarnbelt-Querung f\u00fcr die Wachstumsachse zwischen den Kraftzentren Hamburg und Kopenhagen\/\u00d6resund in das A-Rosa-Hotel in L\u00fcbeck-Travem\u00fcnde eingeladen.<\/p>\n<p>&#8222;Was n\u00fctzt uns aber die beste Infrastruktur, wenn keiner etwas davon bemerkt?&#8220;, fragte Lieser. Es sei schon jetzt sinnvoll, im Bereich der Cluster zu kooperieren, in denen die Metropolregion Hamburg und die \u00d6resund-Region bereits gut aufgestellt sind. Das sind die Bereich Life Science sowie Medien, Informations- und Telekommunikationstechnologie. Die Vermarktung der starken Branche habe bereits bei der Vermarktung der Metropolregion Hamburg Erfolg gehabt, und dieses Vorgehen werde sich auch an der Wachstumsachse Hamburg-L\u00fcbeck-\u00d6resund bew\u00e4hren, betonte Lieser.<\/p>\n<p>Auch Bernd Jorkisch, Pr\u00e4ses der IHK zu L\u00fcbeck, ist vom wirtschaftlichen Erfolg entlang der neuen Achse \u00fcberzeugt: &#8222;Unsere Region wird eine ma\u00dfgebliche Rolle als innovative Wachstumsregion in Europa spielen. Das ergibt sich schon aus ihrer Bedeutung als Br\u00fcckenregion zwischen Nord- und Osteuropa einerseits und Mitteleuropa andererseits.&#8220;<\/p>\n<p>Aber das Zusammenr\u00fccken der Kraftzentren an Elbe, Ostsee und \u00d6resund wird mehr bringen als wirtschaftlichen Erfolg. Lieser und Jorkisch sind davon \u00fcberzeugt, dass die Menschen eine regionale Identit\u00e4t entwickeln, wenn sie die bisherigen nat\u00fcrlichen Hindernisse auf schnellem Wege bew\u00e4ltigen k\u00f6nnen. Zudem werde der Verbraucher durch ein vielf\u00e4ltigeres Angebot und sinkende Preise von der festen Fehmarnbelt-Querung profitieren.<\/p>\n","protected":false},"excerpt":{"rendered":"<p>Die Wachstumsachse Hamburg-L\u00fcbeck-\u00d6resund hat gro\u00dfe Chancen, zu einer der gr\u00f6\u00dften Wachstumsregionen in Nordeuropa zu werden. Dazu Heinrich Lieser, Vorsitzender der<\/p>\n","protected":false},"author":292,"featured_media":0,"comment_status":"open","ping_status":"open","sticky":false,"template":"","format":"standard","meta":{"colormag_page_container_layout":"default_layout","colormag_page_sidebar_layout":"default_layout","footnotes":""},"categories":[5],"tags":[],"class_list":["post-6853","post","type-post","status-publish","format-standard","hentry","category-politik-wirtschaft"],"_links":{"self":[{"href":"https:\/\/hier-luebeck.de\/index.php\/wp-json\/wp\/v2\/posts\/6853","targetHints":{"allow":["GET"]}}],"collection":[{"href":"https:\/\/hier-luebeck.de\/index.php\/wp-json\/wp\/v2\/posts"}],"about":[{"href":"https:\/\/hier-luebeck.de\/index.php\/wp-json\/wp\/v2\/types\/post"}],"author":[{"embeddable":true,"href":"https:\/\/hier-luebeck.de\/index.php\/wp-json\/wp\/v2\/users\/292"}],"replies":[{"embeddable":true,"href":"https:\/\/hier-luebeck.de\/index.php\/wp-json\/wp\/v2\/comments?post=6853"}],"version-history":[{"count":0,"href":"https:\/\/hier-luebeck.de\/index.php\/wp-json\/wp\/v2\/posts\/6853\/revisions"}],"wp:attachment":[{"href":"https:\/\/hier-luebeck.de\/index.php\/wp-json\/wp\/v2\/media?parent=6853"}],"wp:term":[{"taxonomy":"category","embeddable":true,"href":"https:\/\/hier-luebeck.de\/index.php\/wp-json\/wp\/v2\/categories?post=6853"},{"taxonomy":"post_tag","embeddable":true,"href":"https:\/\/hier-luebeck.de\/index.php\/wp-json\/wp\/v2\/tags?post=6853"}],"curies":[{"name":"wp","href":"https:\/\/api.w.org\/{rel}","templated":true}]}}