{"id":6863,"date":"2008-07-28T17:26:35","date_gmt":"2008-07-28T17:26:35","guid":{"rendered":"http:\/\/testserver\/wordpress\/?p=6763"},"modified":"2008-07-28T17:26:35","modified_gmt":"2008-07-28T17:26:35","slug":"willybrandthaus_fnf_neue_vertiefungstationen_ergnzen_stndige_ausstellung","status":"publish","type":"post","link":"https:\/\/hier-luebeck.de\/index.php\/willybrandthaus_fnf_neue_vertiefungstationen_ergnzen_stndige_ausstellung\/","title":{"rendered":"Willy-Brandt-Haus: F\u00fcnf neue Vertiefungstationen erg\u00e4nzen st\u00e4ndige Ausstellung"},"content":{"rendered":"<p><img decoding=\"async\" title=\"WillyBrandt-Haus\" src=\"http:\/\/www.hier-luebeck.de\/images\/topics\/WillyBrandt-Haus.jpg\" alt=\"WillyBrandt-Haus\" \/><br \/>\nMit den neuen multimedialen Vertiefungsstationen haben die Besucher und Besucherinnen nun individuellen Zugriff auf ein reichhaltiges Angebot an Hintergrund-und Detailinformationen. Au\u00dferdem wird auf die Dauerausstellung &#8222;Willy Brandt &#8211; Ein politisches Leben im 20. Jahrhundert&#8220; hingewiesen.<\/p>\n<p>Foto: Willy-Brandt-Haus: L\u00fcbeck, K\u00f6nigstra\u00dfe 21 &#8211; t\u00e4glich ge\u00f6ffnet<!--more-->Die multimediale Anwendung zeigt einen visuellen Schreibtisch: ein Buch, eine Filmdose, ein Tonbandger\u00e4t und eine Dokumentenmappe. Ob Wochenschauberichte, historische Dokumente, Biografien zu den in der Ausstellung genannten Personen oder Tonaufzeichnungen, hier kann nach Lust und Laune gest\u00f6bert oder gezielt gesucht werden. <\/p>\n<p>In den Vertiefungsstationen sind zahlreiche Interviewbeitr\u00e4ge mit Willy Brandt aus verschiedenen Lebensabschnitten enthalten, die bislang in der Ausstellung nicht verf\u00fcgbar waren. So erf\u00e4hrt man beispielsweise, wie Willy Brandt sich an die Inflation 1923 erinnert, was er w\u00e4hrend seiner Exilzeit in Norwegen und Schweden von der Vernichtung der Juden wusste und wie er die Guillaume-Aff\u00e4re empfunden hat. <\/p>\n<p>Dar\u00fcber hinaus bieten die Vertiefungsstationen mit einem Klick auf den roten Spielw\u00fcrfel ein Quiz, das zusammen mit dem renommierten Schulbuchverlag Cornelsen entstanden ist. Wer wei\u00df die richtige Antwort? Wenn Ratlosigkeit besteht &#8211; die L\u00f6sung ist immer in der Ausstellung zu finden. <\/p>\n<p>Der Bundeskanzler-Willy-Brandt-Stiftung war ein barrierefreier Zugang wichtig. So erm\u00f6glicht die benutzerfreundliche Oberfl\u00e4che eine Vergr\u00f6\u00dferung der Schrift und der Bilder und ist damit auch f\u00fcr Sehbehinderte geeignet. <\/p>\n<p>Mit dem neuen multimedialen Angebot ist die Ausstellung ganz besonders f\u00fcr Jugendliche noch <br \/>\nvielseitiger und attraktiver geworden. <\/p>\n<p>Die st\u00e4ndige Ausstellung im Willy-Brandt-Haus, &#8222;Willy Brandt &#8211; Ein politisches Leben im 20. Jahrhundert&#8220; ist jeden Tag von 10 &#8211; 17 Uhr ge\u00f6ffnet. <\/p>\n<p>Der Eintritt ist frei. <\/p>\n","protected":false},"excerpt":{"rendered":"<p>Mit den neuen multimedialen Vertiefungsstationen haben die Besucher und Besucherinnen nun individuellen Zugriff auf ein reichhaltiges Angebot an Hintergrund-und Detailinformationen.<\/p>\n","protected":false},"author":292,"featured_media":0,"comment_status":"open","ping_status":"open","sticky":false,"template":"","format":"standard","meta":{"colormag_page_container_layout":"default_layout","colormag_page_sidebar_layout":"default_layout","footnotes":""},"categories":[7],"tags":[],"class_list":["post-6863","post","type-post","status-publish","format-standard","hentry","category-wissenschaft"],"_links":{"self":[{"href":"https:\/\/hier-luebeck.de\/index.php\/wp-json\/wp\/v2\/posts\/6863","targetHints":{"allow":["GET"]}}],"collection":[{"href":"https:\/\/hier-luebeck.de\/index.php\/wp-json\/wp\/v2\/posts"}],"about":[{"href":"https:\/\/hier-luebeck.de\/index.php\/wp-json\/wp\/v2\/types\/post"}],"author":[{"embeddable":true,"href":"https:\/\/hier-luebeck.de\/index.php\/wp-json\/wp\/v2\/users\/292"}],"replies":[{"embeddable":true,"href":"https:\/\/hier-luebeck.de\/index.php\/wp-json\/wp\/v2\/comments?post=6863"}],"version-history":[{"count":0,"href":"https:\/\/hier-luebeck.de\/index.php\/wp-json\/wp\/v2\/posts\/6863\/revisions"}],"wp:attachment":[{"href":"https:\/\/hier-luebeck.de\/index.php\/wp-json\/wp\/v2\/media?parent=6863"}],"wp:term":[{"taxonomy":"category","embeddable":true,"href":"https:\/\/hier-luebeck.de\/index.php\/wp-json\/wp\/v2\/categories?post=6863"},{"taxonomy":"post_tag","embeddable":true,"href":"https:\/\/hier-luebeck.de\/index.php\/wp-json\/wp\/v2\/tags?post=6863"}],"curies":[{"name":"wp","href":"https:\/\/api.w.org\/{rel}","templated":true}]}}