{"id":6864,"date":"2008-07-28T17:45:46","date_gmt":"2008-07-28T17:45:46","guid":{"rendered":"http:\/\/testserver\/wordpress\/?p=6764"},"modified":"2008-07-28T17:45:46","modified_gmt":"2008-07-28T17:45:46","slug":"eutiner_festspiele_mit_italienischer_nacht_erneut_auf_landesgartenschau","status":"publish","type":"post","link":"https:\/\/hier-luebeck.de\/index.php\/eutiner_festspiele_mit_italienischer_nacht_erneut_auf_landesgartenschau\/","title":{"rendered":"Eutiner Festspiele mit &#8222;Italienischer Nacht&#8220; erneut auf Landesgartenschau"},"content":{"rendered":"<p><img decoding=\"async\" title=\"LGS-ItalNacht-EutinF\" src=\"http:\/\/www.hier-luebeck.de\/images\/topics\/LGS-ItalNacht.jpg\" alt=\"LGS-ItalNacht\" \/><br \/>\nNach der begeisternden ersten Auff\u00fchrung besuchen die Eutiner Festspiele ein weiteres Mal die Landesgartenschau 2008 Schleswig-Schleiregion. Bereits der erste Auftritt &#8211; Wagners &#8222;Tannh\u00e4user&#8220; &#8211; wurde vom Publikum begeistert aufgenommen und mit stehenden Ovationen gefeiert. Am Freitag, den 1. August kommt das Ensemble erneut nach Schleswig.<\/p>\n<p>Foto Eutiner Festspiele<!--more-->Und es wird wieder Operngenuss der Spitzenklasse geboten: &#8222;Die &#8222;Italienische Nacht&#8220; kann sich wie schon der &#8222;Tannh\u00e4user&#8220; durchaus mit Inszenierungen in den gro\u00dfen Opernh\u00e4usern messen lassen&#8220;, k\u00fcndigte der Eutiner Intendant Heinz-Dieter Sense bei seinem Vorab-Besuch in Schleswig an. <\/p>\n<p>Bei der &#8222;Italienischen Nacht&#8220; handelt es sich um eine komplett neu inszenierte Zusammenstellung der bekanntesten Szenen aus Verdis und Puccinis Opern: Von Madama Butterfly \u00fcber La Boh\u00e8me bis zu Nabucco mit dem ber\u00fchmten Gefangenenchor wird es ein &#8222;Best-Of&#8220; der italienischen Oper geben. Auch diesmal gibt es wieder eine hochkar\u00e4tige Besetzung: Mit Svetlana Katchour, Ki-Chun Park und Karsten Mewes sind international erfahrene Verdi- und Puccini-Solisten in den Hauptrollen zu sehen. Sie werden erneut vom Eutiner Festspielchor und den Hamburger Symphonikern begleitet. Zus\u00e4tzlich kommt der Kinderchor der Eutiner Festspiele mit nach Schleswig. <\/p>\n<p>Die Auff\u00fchrung wird halbszenisch sein &#8211; also ohne die in Eutin zur Verf\u00fcgung stehenden Kulissen. Die Solisten stellen den Gro\u00dfteil der Inhalte jedoch auch ohne die aufwendige B\u00fchnengestaltung nachvollziehbar dar. Ein Besuch lohne sich laut Sense f\u00fcr jeden Opernfreund: &#8222;Die Italienische Nacht ist absolut auf internationalem Niveau. Insofern ist unser Gastspiel auf der Landesgartenschau ein Vorteil, von dem alle profitieren k\u00f6nnen und der nachhaltig die Leistungsf\u00e4higkeit des Kulturbetriebs in Schleswig-Holstein zeigt.&#8220;<\/p>\n<p>Freitag, 1.8.2008, 19:30-21:30 Uhr, Nospa-Festpavillon: Eine italienische Nacht <br \/>\nPreise:<br \/>\nPreiskategorie 1: 55,00 \u00a4<br \/>\nPreiskategorie 2: 45,00 \u00a4<br \/>\nPreiskategorie 3: 35,00 \u00a4<br \/>\nMit Dauerkarte in Preiskategorie 1: 45,00 \u00a4<\/p>\n<p>Karten f\u00fcr die Veranstaltungen gibt es im Liesegang Ticketkontor, Stadtweg 22 &#8211; 24837 Schleswig, kontakt@buchliesegang.de<br \/>\nTel. 04621 28218 &#8211; Fax 04621 22314, <br \/>\nbei der Ostseefjord Schlei GmbH, Plessenstra\u00dfe 7, 24837 Schleswig, lgs2008@ostseefjordschlei.de,<br \/>\nTel. 04621 850054, in den Kundencentern des Schleswig-Holsteinischen Zeitungsverlages<br \/>\nInfo-Hotline: 01805 &#8211; 11 44 40 sowie in vielen weiteren offiziellen Vorverkaufsstellen in Schleswig-Holstein und unter www.eventim.de (zzgl. System- und VVK-Geb\u00fchr).<\/p>\n","protected":false},"excerpt":{"rendered":"<p>Nach der begeisternden ersten Auff\u00fchrung besuchen die Eutiner Festspiele ein weiteres Mal die Landesgartenschau 2008 Schleswig-Schleiregion. Bereits der erste Auftritt<\/p>\n","protected":false},"author":292,"featured_media":0,"comment_status":"open","ping_status":"open","sticky":false,"template":"","format":"standard","meta":{"colormag_page_container_layout":"default_layout","colormag_page_sidebar_layout":"default_layout","footnotes":""},"categories":[13],"tags":[],"class_list":["post-6864","post","type-post","status-publish","format-standard","hentry","category-veranstaltungen"],"_links":{"self":[{"href":"https:\/\/hier-luebeck.de\/index.php\/wp-json\/wp\/v2\/posts\/6864","targetHints":{"allow":["GET"]}}],"collection":[{"href":"https:\/\/hier-luebeck.de\/index.php\/wp-json\/wp\/v2\/posts"}],"about":[{"href":"https:\/\/hier-luebeck.de\/index.php\/wp-json\/wp\/v2\/types\/post"}],"author":[{"embeddable":true,"href":"https:\/\/hier-luebeck.de\/index.php\/wp-json\/wp\/v2\/users\/292"}],"replies":[{"embeddable":true,"href":"https:\/\/hier-luebeck.de\/index.php\/wp-json\/wp\/v2\/comments?post=6864"}],"version-history":[{"count":0,"href":"https:\/\/hier-luebeck.de\/index.php\/wp-json\/wp\/v2\/posts\/6864\/revisions"}],"wp:attachment":[{"href":"https:\/\/hier-luebeck.de\/index.php\/wp-json\/wp\/v2\/media?parent=6864"}],"wp:term":[{"taxonomy":"category","embeddable":true,"href":"https:\/\/hier-luebeck.de\/index.php\/wp-json\/wp\/v2\/categories?post=6864"},{"taxonomy":"post_tag","embeddable":true,"href":"https:\/\/hier-luebeck.de\/index.php\/wp-json\/wp\/v2\/tags?post=6864"}],"curies":[{"name":"wp","href":"https:\/\/api.w.org\/{rel}","templated":true}]}}