{"id":6868,"date":"2008-07-29T15:21:32","date_gmt":"2008-07-29T15:21:32","guid":{"rendered":"http:\/\/testserver\/wordpress\/?p=6768"},"modified":"2008-07-29T15:21:32","modified_gmt":"2008-07-29T15:21:32","slug":"10_jahre_ducksteinfestival_traveufer_lbeck","status":"publish","type":"post","link":"https:\/\/hier-luebeck.de\/index.php\/10_jahre_ducksteinfestival_traveufer_lbeck\/","title":{"rendered":"10 Jahre Duckstein-Festival Traveufer L\u00fcbeck"},"content":{"rendered":"<p><img decoding=\"async\" title=\"Duckstein-Fest-1\" src=\"http:\/\/www.hier-luebeck.de\/images\/topics\/Duckstein-Fest-1.jpg\" alt=\"Duckstein-Fest-1\" \/><br \/>\n10 Jahre Duckstein-Festival &#8211; das sind 10 Jahre unverwechselbares Flair am Traveufer und 10 Jahre Kunst, Kultur und Kulinarisches &#8211; eine Mischung, die seit einem Jahrzehnt schon mittlerweile 150.000 Menschen anlockt. Vom 1. bis 10. August 2008 wird das nicht anders sein.<\/p>\n<p>Foto: Veranstalter <br \/>\n<!--more--> Das Duckstein-Festival am Traveufer, L\u00fcbecks stilvollstes Freiluft-Fest, ist inzwischen zu einem festen Bestandteil der sommerlichen Kultur-Szene L\u00fcbecks und zu einem absoluten Publikumsmagneten mit eingeschworener Fangemeinde geworden.<\/p>\n<p>Vom 1. bis 10. August verwandelt sich die Fl\u00e4che zwischen SAS Radisson Senator Hotel und der Musik- und Kongresshalle (MuK) erneut in einen bunten Festivalplatz voller Emotionen  &#8211; dann  feiert das Festival Geburtstag &#8211; und wie es sich daf\u00fcr geh\u00f6rt, wird es auch die eine oder andere Geburtstags-\u00dcberraschung geben.<\/p>\n<p>Auf der Traveb\u00fchne gibt es zum Jubil\u00e4um wahre musikalische Leckerbissen: Es gibt ein Wiedersehen mit Sydney Youngblood und der Bluesnight Band, ebenso mit der S\u00fcdafrikanerin Bonita, die bereits mit Til Br\u00f6nner auf Tour war und mit K\u00fcnstler wie Kool &#038; The Gang oder Michael Bubl\u00e9 zusammengearbeitet hat. Mit dabei auch Karl Frierson, DIE Stimme von De Phazz, einer Live-Band, die sich seit ihrer Gr\u00fcndung 1997 zu einer der erfolgreichsten Formationen an der Nahtstelle zwischen schwarzem Pop, DJ-Culture und coolem Jazz entwickelt hat.<\/p>\n<p>Erneut sind auch nationale und in diesem Jahr auch besonders viele internationale Stra\u00dfenk\u00fcnstler zu Gast, wie z.B. das franz\u00f6sische Duo Prise de Pied mit ihrer poetischen Partnerakrobatik oder die Stra\u00dfentheater-Zirkusshow &#8222;Cirque No Problem&#8220; aus Israel. Es wird dar\u00fcber hinaus insbesondere viel Luftartistik und Luftakrobatik, z.B. von Caroline Schroeck, zu bestaunen sein.<\/p>\n<p>Ausgew\u00e4hlte Programmpunkte in 2008:<br \/>\n* Sydney Youngblood &#038; The Bluesnight Band<br \/>\n* Liverpool (Schweden) &#8211;  eine der besten Beatles-Revival Bands Europas<br \/>\n* Karl Frierson (The Voice of De Phazz) &#8211; grooviger Soul<br \/>\n* Bonita<br \/>\n* Cirque No Problem (Israel) &#8211; Stra\u00dfentheater-Zirkusshow<br \/>\n* Prise de Pied (Frankreich) &#8211; poetische Partnerakrobatik<br \/>\n* Caroline Schroeck &#8211; Luftakrobatik <\/p>\n<p>Der Eintritt ist frei. Weitere Informationen unter www.duckstein-festival.de.<\/p>\n","protected":false},"excerpt":{"rendered":"<p>10 Jahre Duckstein-Festival &#8211; das sind 10 Jahre unverwechselbares Flair am Traveufer und 10 Jahre Kunst, Kultur und Kulinarisches &#8211;<\/p>\n","protected":false},"author":292,"featured_media":0,"comment_status":"open","ping_status":"open","sticky":false,"template":"","format":"standard","meta":{"colormag_page_container_layout":"default_layout","colormag_page_sidebar_layout":"default_layout","footnotes":""},"categories":[13],"tags":[],"class_list":["post-6868","post","type-post","status-publish","format-standard","hentry","category-veranstaltungen"],"_links":{"self":[{"href":"https:\/\/hier-luebeck.de\/index.php\/wp-json\/wp\/v2\/posts\/6868","targetHints":{"allow":["GET"]}}],"collection":[{"href":"https:\/\/hier-luebeck.de\/index.php\/wp-json\/wp\/v2\/posts"}],"about":[{"href":"https:\/\/hier-luebeck.de\/index.php\/wp-json\/wp\/v2\/types\/post"}],"author":[{"embeddable":true,"href":"https:\/\/hier-luebeck.de\/index.php\/wp-json\/wp\/v2\/users\/292"}],"replies":[{"embeddable":true,"href":"https:\/\/hier-luebeck.de\/index.php\/wp-json\/wp\/v2\/comments?post=6868"}],"version-history":[{"count":0,"href":"https:\/\/hier-luebeck.de\/index.php\/wp-json\/wp\/v2\/posts\/6868\/revisions"}],"wp:attachment":[{"href":"https:\/\/hier-luebeck.de\/index.php\/wp-json\/wp\/v2\/media?parent=6868"}],"wp:term":[{"taxonomy":"category","embeddable":true,"href":"https:\/\/hier-luebeck.de\/index.php\/wp-json\/wp\/v2\/categories?post=6868"},{"taxonomy":"post_tag","embeddable":true,"href":"https:\/\/hier-luebeck.de\/index.php\/wp-json\/wp\/v2\/tags?post=6868"}],"curies":[{"name":"wp","href":"https:\/\/api.w.org\/{rel}","templated":true}]}}