{"id":6870,"date":"2008-07-29T15:29:47","date_gmt":"2008-07-29T15:29:47","guid":{"rendered":"http:\/\/testserver\/wordpress\/?p=6770"},"modified":"2008-07-29T15:29:47","modified_gmt":"2008-07-29T15:29:47","slug":"fair_geht_vor_keine_ausbildungspltze_blockieren","status":"publish","type":"post","link":"https:\/\/hier-luebeck.de\/index.php\/fair_geht_vor_keine_ausbildungspltze_blockieren\/","title":{"rendered":"Fair geht vor! Keine Ausbildungspl\u00e4tze blockieren"},"content":{"rendered":"<p><img decoding=\"async\" title=\"ArbA-Logo-100\" src=\"http:\/\/www.hier-luebeck.de\/images\/topics\/ArbA-Logo-100.jpg\" alt=\"ArbA-Logo-100\" \/><br \/>\nDas Motto &#8222;Fair geht vor&#8220; gilt auch bei der Ausbildungsplatzsuche. Wenn es mit dem Ausbildungsplatz oder der weiterf\u00fchrenden Schule geklappt hat, sollten Jugendliche allen Betrieben, bei denen sie noch im Rennen sind, sofort absagen.<\/p>\n<p><!--more-->&#8222;Auch die Berufsberatung muss Bescheid wissen, damit sie anderen Jugendlichen, die noch eine Ausbildungsstelle suchen, besser helfen kann. Jede offene Lehrstelle ist wichtig&#8220;, appelliert Wolfgang Werner, Vorsitzender der Gesch\u00e4ftsf\u00fchrung der Agentur f\u00fcr Arbeit L\u00fcbeck.<\/p>\n<p>Wer bei der Berufsberatung gemeldet ist, sollte gleich unter der 0 18 01\/ 555 111* anrufen, wenn es mit einer Ausbildungsstelle oder der weiterf\u00fchrenden Schule geklappt hat.<\/p>\n<p>\n*Festnetzpreis 3,9 ct\/min; Mobilfunkpreise abweichend<\/p>\n","protected":false},"excerpt":{"rendered":"<p>Das Motto &#8222;Fair geht vor&#8220; gilt auch bei der Ausbildungsplatzsuche. Wenn es mit dem Ausbildungsplatz oder der weiterf\u00fchrenden Schule geklappt<\/p>\n","protected":false},"author":292,"featured_media":0,"comment_status":"open","ping_status":"open","sticky":false,"template":"","format":"standard","meta":{"colormag_page_container_layout":"default_layout","colormag_page_sidebar_layout":"default_layout","footnotes":""},"categories":[5],"tags":[],"class_list":["post-6870","post","type-post","status-publish","format-standard","hentry","category-politik-wirtschaft"],"_links":{"self":[{"href":"https:\/\/hier-luebeck.de\/index.php\/wp-json\/wp\/v2\/posts\/6870","targetHints":{"allow":["GET"]}}],"collection":[{"href":"https:\/\/hier-luebeck.de\/index.php\/wp-json\/wp\/v2\/posts"}],"about":[{"href":"https:\/\/hier-luebeck.de\/index.php\/wp-json\/wp\/v2\/types\/post"}],"author":[{"embeddable":true,"href":"https:\/\/hier-luebeck.de\/index.php\/wp-json\/wp\/v2\/users\/292"}],"replies":[{"embeddable":true,"href":"https:\/\/hier-luebeck.de\/index.php\/wp-json\/wp\/v2\/comments?post=6870"}],"version-history":[{"count":0,"href":"https:\/\/hier-luebeck.de\/index.php\/wp-json\/wp\/v2\/posts\/6870\/revisions"}],"wp:attachment":[{"href":"https:\/\/hier-luebeck.de\/index.php\/wp-json\/wp\/v2\/media?parent=6870"}],"wp:term":[{"taxonomy":"category","embeddable":true,"href":"https:\/\/hier-luebeck.de\/index.php\/wp-json\/wp\/v2\/categories?post=6870"},{"taxonomy":"post_tag","embeddable":true,"href":"https:\/\/hier-luebeck.de\/index.php\/wp-json\/wp\/v2\/tags?post=6870"}],"curies":[{"name":"wp","href":"https:\/\/api.w.org\/{rel}","templated":true}]}}