{"id":6871,"date":"2008-07-29T15:32:41","date_gmt":"2008-07-29T15:32:41","guid":{"rendered":"http:\/\/testserver\/wordpress\/?p=6771"},"modified":"2008-07-29T15:32:41","modified_gmt":"2008-07-29T15:32:41","slug":"arbeitspaket__wichtige_voraussetzung_fr_die_arbeitssuche","status":"publish","type":"post","link":"https:\/\/hier-luebeck.de\/index.php\/arbeitspaket__wichtige_voraussetzung_fr_die_arbeitssuche\/","title":{"rendered":"Arbeitspaket &#8211; wichtige Voraussetzung f\u00fcr die Arbeitssuche"},"content":{"rendered":"<p><img decoding=\"async\" title=\"ArbA-Logo-100\" src=\"http:\/\/www.hier-luebeck.de\/images\/topics\/ArbA-Logo-100.jpg\" alt=\"ArbA-Logo-100\" \/><br \/>\nJeder, der sich neu arbeitslos oder arbeitsuchend meldet, bekommt bei der Agentur f\u00fcr Arbeit L\u00fcbeck ein sogenanntes Arbeitspaket ausgeh\u00e4ndigt oder vom Service Center zugeschickt. Es dient Kunden und Mitarbeitern zur Vorbereitung auf das Erstgespr\u00e4ch beim Arbeitsvermittler. <\/p>\n<p><!--more-->Beim Ausf\u00fcllen der Unterlagen sollen sich die Kunden mit pers\u00f6nlichen F\u00e4higkeiten und Kenntnissen auseinander setzen, aber auch Gedanken zur beruflichen Zukunft entwickeln. <br \/>\n&#8222;Wir stellen fest, dass die intensivere Vorbereitung zu einer sp\u00fcrbaren Vertiefung der Beratungsgespr\u00e4che f\u00fchrt. Dadurch wird w\u00e4hrend der Beratung keine wertvolle Zeit mit der Datenerfassung verschenkt und es kann eine individuelle Strategie zur schnellstm\u00f6glichen Beendigung der Arbeitslosigkeit erarbeiten werden. Leider ist unseren Kunden die Bedeutung und die Notwendigkeit des Arbeitspaketes noch nicht bewusst. Rund 50 Prozent f\u00fcllen das Arbeitspaket entweder gar nicht aus oder \u00fcbersenden das Paket versp\u00e4tet an ihren Arbeitsvermittler. In diesen F\u00e4llen ist keine optimale Vorbereitung m\u00f6glich. Das Arbeitspaket sollte unbedingt sp\u00e4testens drei Tage vor dem Gespr\u00e4chstermin vorliegen. Im Ausf\u00fcllen dieser Unterlagen sollte niemand zus\u00e4tzliche B\u00fcrokratie vermuten. Vielmehr sollte dieser erste Termin beim Vermittler wie ein Vorstellungsgespr\u00e4ch beim Arbeitgeber gesehen werden. Mindestens genauso gut sollte man sich darauf vorbereiten, denn Arbeitsuchender und Vermittler haben beide das gleiche Ziel: durch eine schnelle und passgenaue Vermittlung Arbeitslosigkeit zu vermeiden beziehungsweise so kurz wie m\u00f6glich zu halten&#8220;, erkl\u00e4rt Wolfgang Werner, Vorsitzender der Gesch\u00e4ftsf\u00fchrung der Agentur f\u00fcr Arbeit L\u00fcbeck.<\/p>\n","protected":false},"excerpt":{"rendered":"<p>Jeder, der sich neu arbeitslos oder arbeitsuchend meldet, bekommt bei der Agentur f\u00fcr Arbeit L\u00fcbeck ein sogenanntes Arbeitspaket ausgeh\u00e4ndigt oder<\/p>\n","protected":false},"author":292,"featured_media":0,"comment_status":"open","ping_status":"open","sticky":false,"template":"","format":"standard","meta":{"colormag_page_container_layout":"default_layout","colormag_page_sidebar_layout":"default_layout","footnotes":""},"categories":[5],"tags":[],"class_list":["post-6871","post","type-post","status-publish","format-standard","hentry","category-politik-wirtschaft"],"_links":{"self":[{"href":"https:\/\/hier-luebeck.de\/index.php\/wp-json\/wp\/v2\/posts\/6871","targetHints":{"allow":["GET"]}}],"collection":[{"href":"https:\/\/hier-luebeck.de\/index.php\/wp-json\/wp\/v2\/posts"}],"about":[{"href":"https:\/\/hier-luebeck.de\/index.php\/wp-json\/wp\/v2\/types\/post"}],"author":[{"embeddable":true,"href":"https:\/\/hier-luebeck.de\/index.php\/wp-json\/wp\/v2\/users\/292"}],"replies":[{"embeddable":true,"href":"https:\/\/hier-luebeck.de\/index.php\/wp-json\/wp\/v2\/comments?post=6871"}],"version-history":[{"count":0,"href":"https:\/\/hier-luebeck.de\/index.php\/wp-json\/wp\/v2\/posts\/6871\/revisions"}],"wp:attachment":[{"href":"https:\/\/hier-luebeck.de\/index.php\/wp-json\/wp\/v2\/media?parent=6871"}],"wp:term":[{"taxonomy":"category","embeddable":true,"href":"https:\/\/hier-luebeck.de\/index.php\/wp-json\/wp\/v2\/categories?post=6871"},{"taxonomy":"post_tag","embeddable":true,"href":"https:\/\/hier-luebeck.de\/index.php\/wp-json\/wp\/v2\/tags?post=6871"}],"curies":[{"name":"wp","href":"https:\/\/api.w.org\/{rel}","templated":true}]}}