{"id":6889,"date":"2008-07-30T14:27:29","date_gmt":"2008-07-30T14:27:29","guid":{"rendered":"http:\/\/testserver\/wordpress\/?p=6789"},"modified":"2008-07-30T14:27:29","modified_gmt":"2008-07-30T14:27:29","slug":"drei_zustzliche_schilder_fr_die_fugngerzone_koberg","status":"publish","type":"post","link":"https:\/\/hier-luebeck.de\/index.php\/drei_zustzliche_schilder_fr_die_fugngerzone_koberg\/","title":{"rendered":"Drei zus\u00e4tzliche Schilder f\u00fcr die Fu\u00dfg\u00e4ngerzone Koberg"},"content":{"rendered":"<p><img decoding=\"async\" title=\"HL-Info-kl\" src=\"http:\/\/www.hier-luebeck.de\/images\/topics\/HL-Info-kl.jpg\" alt=\"HL-Info-kl\" \/><br \/>\nDer Koberg erh\u00e4lt eine zus\u00e4tzliche Beschilderung, um eindeutiger auf die bestehende Fu\u00dfg\u00e4ngerzone hinzuweisen. Wie der Fachbereich Planen und Bauen, Bereich Verkehr, mitteilt, geschieht dies in direkter Folge des aktuellen B\u00fcrgerschaftsbeschlusses vom 17. Juli 2008.<!--more-->Es handelt sich um drei Schilder &#8222;Fu\u00dfg\u00e4ngerzone&#8220; (Beginn und Ende, beidseitig &#8211; StVO Z. 243-40) mit dem Zusatzzeichen &#8222;Lieferverkehr f\u00fcr Marktbeschicker frei&#8220;.<\/p>\n<p>Die Bauverwaltung hofft, dass mit dieser Erg\u00e4nzung und &#8222;Verdichtung&#8220; der bestehenden Beschilderung ausw\u00e4rtige G\u00e4ste und Touristen eindeutiger auf das Verbot des Parkens hingewiesen werden und damit vor einer Ahndung durch den Verkehrsordnungsdienst verschont bleiben.<\/p>\n","protected":false},"excerpt":{"rendered":"<p>Der Koberg erh\u00e4lt eine zus\u00e4tzliche Beschilderung, um eindeutiger auf die bestehende Fu\u00dfg\u00e4ngerzone hinzuweisen. Wie der Fachbereich Planen und Bauen, Bereich<\/p>\n","protected":false},"author":292,"featured_media":0,"comment_status":"open","ping_status":"open","sticky":false,"template":"","format":"standard","meta":{"colormag_page_container_layout":"default_layout","colormag_page_sidebar_layout":"default_layout","footnotes":""},"categories":[10],"tags":[],"class_list":["post-6889","post","type-post","status-publish","format-standard","hentry","category-lubeck-lupe"],"_links":{"self":[{"href":"https:\/\/hier-luebeck.de\/index.php\/wp-json\/wp\/v2\/posts\/6889","targetHints":{"allow":["GET"]}}],"collection":[{"href":"https:\/\/hier-luebeck.de\/index.php\/wp-json\/wp\/v2\/posts"}],"about":[{"href":"https:\/\/hier-luebeck.de\/index.php\/wp-json\/wp\/v2\/types\/post"}],"author":[{"embeddable":true,"href":"https:\/\/hier-luebeck.de\/index.php\/wp-json\/wp\/v2\/users\/292"}],"replies":[{"embeddable":true,"href":"https:\/\/hier-luebeck.de\/index.php\/wp-json\/wp\/v2\/comments?post=6889"}],"version-history":[{"count":0,"href":"https:\/\/hier-luebeck.de\/index.php\/wp-json\/wp\/v2\/posts\/6889\/revisions"}],"wp:attachment":[{"href":"https:\/\/hier-luebeck.de\/index.php\/wp-json\/wp\/v2\/media?parent=6889"}],"wp:term":[{"taxonomy":"category","embeddable":true,"href":"https:\/\/hier-luebeck.de\/index.php\/wp-json\/wp\/v2\/categories?post=6889"},{"taxonomy":"post_tag","embeddable":true,"href":"https:\/\/hier-luebeck.de\/index.php\/wp-json\/wp\/v2\/tags?post=6889"}],"curies":[{"name":"wp","href":"https:\/\/api.w.org\/{rel}","templated":true}]}}