{"id":6890,"date":"2008-07-30T14:50:09","date_gmt":"2008-07-30T14:50:09","guid":{"rendered":"http:\/\/testserver\/wordpress\/?p=6790"},"modified":"2008-07-30T14:50:09","modified_gmt":"2008-07-30T14:50:09","slug":"aktuelle_kulturtipps_der_gemeinntzigen_bis_in_den_dezember","status":"publish","type":"post","link":"https:\/\/hier-luebeck.de\/index.php\/aktuelle_kulturtipps_der_gemeinntzigen_bis_in_den_dezember\/","title":{"rendered":"Aktuelle &#8222;Kultur-Tipps&#8220; der GEMEINN\u00dcTZIGEN bis in den Dezember"},"content":{"rendered":"<p><img decoding=\"async\" title=\"GemeinnuetzigeLg\" src=\"http:\/\/www.hier-luebeck.de\/images\/topics\/GemeinnuetzigeLg.jpg\" alt=\"GemeinnuetzigeLg\" \/><br \/>\nSoeben erreichen uns vorbezeichnete &#8222;Kultur-Tipps&#8220; der GEMEINN\u00dcTZIGEN: Auf den Literatursommer mit &#8222;Swetlana Geier und Ralph Dutli&#8220; haben wir bereits ausf\u00fchrlich hingewiesen. Es gibt weitere interessante Informationen zu Buchvorstellungen, Vortr\u00e4gen und F\u00fchrungen, zur mittwochsBildung oder das Literarische Caf\u00e9haus des NDR &#8211; im eigenen Hause, aber ebenso &#8222;au\u00dferhalb&#8220;:<!--more-->Die Buchhandlung Arno Adler und die GEMEINN\u00dcTZIGE m\u00f6chten das Jahr der B\u00fcrgerlichkeit unter dem Motto &#8222;Mensch B\u00fcrger. Wir sind die Stadt&#8220; nicht vergehen lassen, ohne zwei ausgew\u00e4hlte Lesungen zum weiblichen Blick auf die Lebens-Bedingungen im sp\u00e4ten 18. und 19. bis zum Anfang des 20. Jahrhunderts. Deswegen stellen wir Ihnen die neuen B\u00fccher von Eckhart Kle\u00dfmann und B\u00e4rbel Reetz vor. <\/p>\n<p>Am Donnerstag, dem 04. September 2008, 19.30 Uhr, GEMEINN\u00dcTZIGE, wird Eckart Kle\u00dfmann sein Buch im Eichborn-Verlag, G\u00f6ttingen 2008, &#8222;Universit\u00e4tsmamsellen&#8220; \u00fcber &#8222;F\u00fcnf aufgekl\u00e4rte Frauen zwischen Rokoko, Revolution und Romantik&#8220; vorstellen; er wird uns insbesondere die Wahll\u00fcbeckerin &#8222;Dorothea Schl\u00f6zer&#8220; nahe bringen.<\/p>\n<p>Am Donnerstag, dem 16. Oktober 2008, 19.30 Uhr, GEMEINN\u00dcTZIGE, wird B\u00e4rbel Reetz, Kiel\/Berlin, ihre j\u00fcngste Publikation &#8222;Lenins Schwestern&#8220;, Insel-Verlag 2008, einen Balance-Akt zwischen Information und Literatur \u00fcber das Leben der gro\u00dfen russischen B\u00fcrgert\u00f6chter, wie Sabina Spielrein, aber eben auch viele andere, die in den Vor- und Revolutionswirren ihr Gl\u00fcck und Ungl\u00fcck im Engagement f\u00fcr den Sozialismus und die Psychoanalyse suchten, und damit indirekt einen tiefen Blick in die Kulturgeschichte des weiblichen Engagements, der weiblichen Ideen und der intellektuellen Entwicklung von Frauen werfen.<\/p>\n<p>Am Sonntag, dem 07.09.2008, 11.00 Uhr, wird der Architektursommer 2008, veranstaltet von der GEMEINN\u00dcTZIGEN, dem L\u00fcbecker Architektur-Forum sowie der Overbeck-Gesellschaft stattfinden. Das Thema ist ein ganz Besonderes: <br \/>\nIlsabe von B\u00fclow wird ihr j\u00fcngst im Deutschen Kunstbuchverlag in M\u00fcnchen herausgekommenes Werk \u00fcber den d\u00e4nischen Architekten und Wahll\u00fcbecker Joseph Christian Lillie (1760-1827) vorstellen. Lillie hat in und um L\u00fcbeck diverse bedeutende H\u00e4user, Villen und Landsitze gestaltet, so z.B. das L\u00fcbecker Standesamt, das Behnhaus, das Willy-Brandt-Haus, Teile der L\u00fcbecker Musikhochschule sowie diverse H\u00e4user in der H\u00fcxstra\u00dfe.<\/p>\n<p>Der Vortrag von Frau von B\u00fclow wird um 11.00 Uhr im Behnhaus stattfinden; um 12.00 Uhr wird der Architekt Klaus Mai eine F\u00fchrung durch das Behnhaus anbieten; um 12.30 Uhr gibt es eine Kurzf\u00fchrung durch Manfred Zill und Thomas Tillmann im Willy-Brandt-Haus; um 13.00 Uhr geht es nach einem kurzen Spaziergang durch die H\u00fcxstra\u00dfe in die Musikhochschule; nach einer F\u00fchrung dort werden wir mit Musik, Speis und Trank in den H\u00f6fen der Musikhochschule ab 14.00 Uhr verw\u00f6hnt.   <\/p>\n<p>Am Mittwoch, dem 24.09.2008, wird um 19.30 Uhr im Gro\u00dfen Saal der GEMEINN\u00dcTZIGEN im Rahmen der mittwochsBILDUNG Herr Uli Boldt, Martin-Niem\u00f6ller-Gesamtschule, Lehrer im Hochschuldienst an der Universit\u00e4t Bielefeld, einen Vortrag zum Thema &#8222;Jungen fordern und f\u00f6rdern&#8220; halten.<\/p>\n<p>Am Mittwoch, dem 29.10.2008, wird um 19.30 Uhr im Gro\u00dfen Saal der GEMEINN\u00dcTZIGEN im Rahmen der mittwochsBILDUNG Herr Prof. Dr. J\u00fcrgen Westermann, Studiendekan, Institut f\u00fcr Anatomie, L\u00fcbeck, einen Vortrag zum Thema &#8222;Was erwartet die Universit\u00e4t von den Schulabsolventen?&#8220; halten.<\/p>\n<p>Wir m\u00f6chten Sie schon jetzt hinweisen auf den ersten L\u00fcbecker B\u00fcrger-Salon, der am Donnerstag, dem 06.11.2008, um 19.00 Uhr im Gro\u00dfen Saal der GEMEINN\u00dcTZIGEN zum Thema &#8222;bilden&#8220; stattfindet. Die weiteren f\u00fcnf Donnerstage werden jeweils um 19.00 Uhr den Themen &#8222;sammeln&#8220; (13.11.08 St. Annen), &#8222;glauben&#8220; (20.11.08 St. Petri), &#8222;musizieren&#8220; (27.11.08 Brahms-Institut), &#8222;erziehen&#8220; (04.12.08 Katharineum) und &#8222;forschen&#8220; (11.12.08 Inst. f. Medizin- u. Wissenschaftsgeschichte) gewidmet sein. Die GEMEINN\u00dcTZIGE m\u00f6chte damit einen Beitrag leisten, das Denken \u00fcber die Errungenschaften der Zeit um 1800 aufzugreifen und in die Zukunft zu f\u00fchren. Sie finden alle weiteren Erl\u00e4uterungen im Jahresprogramm &#8222;Mensch B\u00fcrger. Wir sind die Stadt&#8220; Seite 68\/69. <\/p>\n<p>Am Sonntag, dem 30.11.2008, wird als Matinee um 11.00 Uhr im Gro\u00dfen Saal der GEMEINN\u00dcTZIGEN das Literarische Caf\u00e9haus des NDR mit Wend K\u00e4ssens zum Thema &#8222;B\u00fcrgerlichkeit ohne B\u00fcrger&#8220; zu Gast sein. Vier G\u00e4ste aus Wissenschaft und Kultur wie z.B. Prof. Dr. Manfred Hettling, Matthias Horx, Dr. Wolfram Weimer und Cora Stephan werden sich dem Thema n\u00e4hern.<\/p>\n<p>Quelle: GEMEINN\u00dcTZIGE<\/p>\n","protected":false},"excerpt":{"rendered":"<p>Soeben erreichen uns vorbezeichnete &#8222;Kultur-Tipps&#8220; der GEMEINN\u00dcTZIGEN: Auf den Literatursommer mit &#8222;Swetlana Geier und Ralph Dutli&#8220; haben wir bereits ausf\u00fchrlich<\/p>\n","protected":false},"author":292,"featured_media":0,"comment_status":"open","ping_status":"open","sticky":false,"template":"","format":"standard","meta":{"colormag_page_container_layout":"default_layout","colormag_page_sidebar_layout":"default_layout","footnotes":""},"categories":[7],"tags":[],"class_list":["post-6890","post","type-post","status-publish","format-standard","hentry","category-wissenschaft"],"_links":{"self":[{"href":"https:\/\/hier-luebeck.de\/index.php\/wp-json\/wp\/v2\/posts\/6890","targetHints":{"allow":["GET"]}}],"collection":[{"href":"https:\/\/hier-luebeck.de\/index.php\/wp-json\/wp\/v2\/posts"}],"about":[{"href":"https:\/\/hier-luebeck.de\/index.php\/wp-json\/wp\/v2\/types\/post"}],"author":[{"embeddable":true,"href":"https:\/\/hier-luebeck.de\/index.php\/wp-json\/wp\/v2\/users\/292"}],"replies":[{"embeddable":true,"href":"https:\/\/hier-luebeck.de\/index.php\/wp-json\/wp\/v2\/comments?post=6890"}],"version-history":[{"count":0,"href":"https:\/\/hier-luebeck.de\/index.php\/wp-json\/wp\/v2\/posts\/6890\/revisions"}],"wp:attachment":[{"href":"https:\/\/hier-luebeck.de\/index.php\/wp-json\/wp\/v2\/media?parent=6890"}],"wp:term":[{"taxonomy":"category","embeddable":true,"href":"https:\/\/hier-luebeck.de\/index.php\/wp-json\/wp\/v2\/categories?post=6890"},{"taxonomy":"post_tag","embeddable":true,"href":"https:\/\/hier-luebeck.de\/index.php\/wp-json\/wp\/v2\/tags?post=6890"}],"curies":[{"name":"wp","href":"https:\/\/api.w.org\/{rel}","templated":true}]}}