{"id":6892,"date":"2008-07-30T17:22:34","date_gmt":"2008-07-30T17:22:34","guid":{"rendered":"http:\/\/testserver\/wordpress\/?p=6792"},"modified":"2008-07-30T17:22:34","modified_gmt":"2008-07-30T17:22:34","slug":"theater__sommerakademie_wellen_schlagen_am_theater_lbeck","status":"publish","type":"post","link":"https:\/\/hier-luebeck.de\/index.php\/theater__sommerakademie_wellen_schlagen_am_theater_lbeck\/","title":{"rendered":"Theater &#8211; Sommerakademie &#8222;Wellen schlagen&#8220; am Theater L\u00fcbeck"},"content":{"rendered":"<p><img decoding=\"async\" title=\"TheaterLogo\" src=\"http:\/\/www.hier-luebeck.de\/images\/topics\/TheaterLogo.jpg\" alt=\"TheaterLogo\" \/><br \/>\nVom 18. bis zum 22. August veranstaltet das Theater L\u00fcbeck eine Theaterakademie f\u00fcr Jugendliche ab 14 Jahren. Gemeinsam mit Theaterprofis k\u00f6nnen die jungen Akteure f\u00fcnf Tage  lang Workshops ausprobieren: <br \/>\n<!--more-->Dabei der Welle auf den Grund gehen, Szenen und Situationen entwickeln, in fremde Figuren schl\u00fcpfen, mit dem eigenen K\u00f6rper und der eigenen Stimme arbeiten. In einem der folgenden Workshops:<br \/>\nK\u00f6rpertheater &#8211; Schauspiel &#8211; Schauspiel \/ Bewegung &#8211; Chorisches Theater.<\/p>\n<p>Kosten f\u00fcr die gesamte Woche: 45 Euro. Weitere Informationen und Anmeldung in der Theaterp\u00e4dagogik des Theater L\u00fcbeck: 0451\/70 88 115.<\/p>\n","protected":false},"excerpt":{"rendered":"<p>Vom 18. bis zum 22. August veranstaltet das Theater L\u00fcbeck eine Theaterakademie f\u00fcr Jugendliche ab 14 Jahren. Gemeinsam mit Theaterprofis<\/p>\n","protected":false},"author":292,"featured_media":0,"comment_status":"open","ping_status":"open","sticky":false,"template":"","format":"standard","meta":{"colormag_page_container_layout":"default_layout","colormag_page_sidebar_layout":"default_layout","footnotes":""},"categories":[7],"tags":[],"class_list":["post-6892","post","type-post","status-publish","format-standard","hentry","category-wissenschaft"],"_links":{"self":[{"href":"https:\/\/hier-luebeck.de\/index.php\/wp-json\/wp\/v2\/posts\/6892","targetHints":{"allow":["GET"]}}],"collection":[{"href":"https:\/\/hier-luebeck.de\/index.php\/wp-json\/wp\/v2\/posts"}],"about":[{"href":"https:\/\/hier-luebeck.de\/index.php\/wp-json\/wp\/v2\/types\/post"}],"author":[{"embeddable":true,"href":"https:\/\/hier-luebeck.de\/index.php\/wp-json\/wp\/v2\/users\/292"}],"replies":[{"embeddable":true,"href":"https:\/\/hier-luebeck.de\/index.php\/wp-json\/wp\/v2\/comments?post=6892"}],"version-history":[{"count":0,"href":"https:\/\/hier-luebeck.de\/index.php\/wp-json\/wp\/v2\/posts\/6892\/revisions"}],"wp:attachment":[{"href":"https:\/\/hier-luebeck.de\/index.php\/wp-json\/wp\/v2\/media?parent=6892"}],"wp:term":[{"taxonomy":"category","embeddable":true,"href":"https:\/\/hier-luebeck.de\/index.php\/wp-json\/wp\/v2\/categories?post=6892"},{"taxonomy":"post_tag","embeddable":true,"href":"https:\/\/hier-luebeck.de\/index.php\/wp-json\/wp\/v2\/tags?post=6892"}],"curies":[{"name":"wp","href":"https:\/\/api.w.org\/{rel}","templated":true}]}}