{"id":6894,"date":"2008-07-30T18:02:05","date_gmt":"2008-07-30T18:02:05","guid":{"rendered":"http:\/\/testserver\/wordpress\/?p=6794"},"modified":"2008-07-30T18:02:05","modified_gmt":"2008-07-30T18:02:05","slug":"termin_vormerken_fr_8_lbecker_museumsnacht","status":"publish","type":"post","link":"https:\/\/hier-luebeck.de\/index.php\/termin_vormerken_fr_8_lbecker_museumsnacht\/","title":{"rendered":"Termin vormerken f\u00fcr 8. L\u00fcbecker Museumsnacht!"},"content":{"rendered":"<p><img decoding=\"async\" title=\"MuseumsN-Bett\" src=\"http:\/\/www.hier-luebeck.de\/images\/topics\/MuseumsN-Bett.jpg\" alt=\"MuseumsN-Bett\" \/><br \/>\nAm Sonnabend, 30. August 2008, ist es wieder so weit: Die L\u00fcbecker Museen laden alle Nachtschw\u00e4rmer zur 8. L\u00fcbecker Museumsnacht ein. Hier erste Hinweise dazu:<\/p>\n<p><!--more-->Die Museen sowie zahlreiche Galerien und Kultureinrichtungen wie das Brahms-Institut, die Overbeck-Gesellschaft und St. Petri \u00f6ffnen ihre T\u00fcren bis Mitternacht. An rund 30 Orten in der Stadt erwartet die Besucher zwischen 18 und 24 Uhr wieder ein buntes Programm -von Livemusik \u00fcber Theater bis hin zu Lesungen und Performances.<\/p>\n<p>Im Schuppen 6 (Untertrave 47a) erwartet die Besucher ein besonderes Highlight: Hier wird die Idee des Europ\u00e4ischen Handelsmuseums in L\u00fcbeck erstmals der \u00d6ffentlichkeit vorgestellt. Dazu gibt es Klangcollagen und einen Film von Grimme-Preistr\u00e4ger Ciro Cappellari. <\/p>\n","protected":false},"excerpt":{"rendered":"<p>Am Sonnabend, 30. August 2008, ist es wieder so weit: Die L\u00fcbecker Museen laden alle Nachtschw\u00e4rmer zur 8. L\u00fcbecker Museumsnacht<\/p>\n","protected":false},"author":292,"featured_media":0,"comment_status":"open","ping_status":"open","sticky":false,"template":"","format":"standard","meta":{"colormag_page_container_layout":"default_layout","colormag_page_sidebar_layout":"default_layout","footnotes":""},"categories":[7],"tags":[],"class_list":["post-6894","post","type-post","status-publish","format-standard","hentry","category-wissenschaft"],"_links":{"self":[{"href":"https:\/\/hier-luebeck.de\/index.php\/wp-json\/wp\/v2\/posts\/6894","targetHints":{"allow":["GET"]}}],"collection":[{"href":"https:\/\/hier-luebeck.de\/index.php\/wp-json\/wp\/v2\/posts"}],"about":[{"href":"https:\/\/hier-luebeck.de\/index.php\/wp-json\/wp\/v2\/types\/post"}],"author":[{"embeddable":true,"href":"https:\/\/hier-luebeck.de\/index.php\/wp-json\/wp\/v2\/users\/292"}],"replies":[{"embeddable":true,"href":"https:\/\/hier-luebeck.de\/index.php\/wp-json\/wp\/v2\/comments?post=6894"}],"version-history":[{"count":0,"href":"https:\/\/hier-luebeck.de\/index.php\/wp-json\/wp\/v2\/posts\/6894\/revisions"}],"wp:attachment":[{"href":"https:\/\/hier-luebeck.de\/index.php\/wp-json\/wp\/v2\/media?parent=6894"}],"wp:term":[{"taxonomy":"category","embeddable":true,"href":"https:\/\/hier-luebeck.de\/index.php\/wp-json\/wp\/v2\/categories?post=6894"},{"taxonomy":"post_tag","embeddable":true,"href":"https:\/\/hier-luebeck.de\/index.php\/wp-json\/wp\/v2\/tags?post=6894"}],"curies":[{"name":"wp","href":"https:\/\/api.w.org\/{rel}","templated":true}]}}