{"id":6895,"date":"2008-07-30T18:08:17","date_gmt":"2008-07-30T18:08:17","guid":{"rendered":"http:\/\/testserver\/wordpress\/?p=6795"},"modified":"2008-07-30T18:08:17","modified_gmt":"2008-07-30T18:08:17","slug":"auch_vormerken_groes_kinderfest_im_gnter_grasshaus","status":"publish","type":"post","link":"https:\/\/hier-luebeck.de\/index.php\/auch_vormerken_groes_kinderfest_im_gnter_grasshaus\/","title":{"rendered":"Auch vormerken: Gro\u00dfes Kinderfest im G\u00fcnter Grass-Haus"},"content":{"rendered":"<p><img decoding=\"async\" title=\"GrassHKiFest\" src=\"http:\/\/www.hier-luebeck.de\/images\/topics\/GrassHKiFest.jpg\" alt=\"GrassHKiFest\" \/><br \/>\nSommerfest bei G\u00fcnter Grass: Nach dem gro\u00dfen Erfolg im letzten Jahr gibt es am 23. und 24. August 2008 (10 bis 17 Uhr)wieder ein tolles Kinderfest im G\u00fcnter Grass-Haus und im Skulpturengarten des Hauses. <\/p>\n<p>Grafik (GGH): Im vorigen Jahr &#8222;blech-trommelte&#8220; es auf dem Veranstaltungsflyer<!--more-->Jeweils von 10 bis 17 Uhr darf gemalt, gedruckt, geschnitzt, fotografiert und auf Blech getrommelt werden. Am 23. August l\u00e4dt Armin Maiwald, der Erfinder der &#8222;Sendung mit der Maus&#8220;, um 15 Uhr zur M\u00e4rchenstunde ein. Der Grimme-Preistr\u00e4ger liest M\u00e4rchen von Hans Christian Andersen, die G\u00fcnter Grass illustriert hat. <\/p>\n<p>Am 24. August kommt dann &#8222;die Maus&#8220; h\u00f6chstpers\u00f6nlich zu Besuch. Der Westdeutsche Rundfunk pr\u00e4sentiert die &#8222;&#8220;Lesen mit der Maus-Show&#8220;. In der spannenden Mitmach-Show dreht sich alles um beliebte Kinderthemen wie Ritter und Dinosaurier.<\/p>\n<p>Au\u00dferdem wird auch die Nilpferddame &#8222;B\u00e4rbel&#8220; aus dem &#8222;HaNiSauLand&#8220; da sein. Sie erkl\u00e4rt spielerisch, wie eigentlich unsere Demokratie funktioniert.<\/p>\n<p>Der Eintritt zu dem Sommerfest im Literaturmuseum ist frei. <\/p>\n","protected":false},"excerpt":{"rendered":"<p>Sommerfest bei G\u00fcnter Grass: Nach dem gro\u00dfen Erfolg im letzten Jahr gibt es am 23. und 24. August 2008 (10<\/p>\n","protected":false},"author":292,"featured_media":0,"comment_status":"open","ping_status":"open","sticky":false,"template":"","format":"standard","meta":{"colormag_page_container_layout":"default_layout","colormag_page_sidebar_layout":"default_layout","footnotes":""},"categories":[13],"tags":[],"class_list":["post-6895","post","type-post","status-publish","format-standard","hentry","category-veranstaltungen"],"_links":{"self":[{"href":"https:\/\/hier-luebeck.de\/index.php\/wp-json\/wp\/v2\/posts\/6895","targetHints":{"allow":["GET"]}}],"collection":[{"href":"https:\/\/hier-luebeck.de\/index.php\/wp-json\/wp\/v2\/posts"}],"about":[{"href":"https:\/\/hier-luebeck.de\/index.php\/wp-json\/wp\/v2\/types\/post"}],"author":[{"embeddable":true,"href":"https:\/\/hier-luebeck.de\/index.php\/wp-json\/wp\/v2\/users\/292"}],"replies":[{"embeddable":true,"href":"https:\/\/hier-luebeck.de\/index.php\/wp-json\/wp\/v2\/comments?post=6895"}],"version-history":[{"count":0,"href":"https:\/\/hier-luebeck.de\/index.php\/wp-json\/wp\/v2\/posts\/6895\/revisions"}],"wp:attachment":[{"href":"https:\/\/hier-luebeck.de\/index.php\/wp-json\/wp\/v2\/media?parent=6895"}],"wp:term":[{"taxonomy":"category","embeddable":true,"href":"https:\/\/hier-luebeck.de\/index.php\/wp-json\/wp\/v2\/categories?post=6895"},{"taxonomy":"post_tag","embeddable":true,"href":"https:\/\/hier-luebeck.de\/index.php\/wp-json\/wp\/v2\/tags?post=6895"}],"curies":[{"name":"wp","href":"https:\/\/api.w.org\/{rel}","templated":true}]}}