{"id":6897,"date":"2008-07-31T15:41:10","date_gmt":"2008-07-31T15:41:10","guid":{"rendered":"http:\/\/testserver\/wordpress\/?p=6797"},"modified":"2008-07-31T15:41:10","modified_gmt":"2008-07-31T15:41:10","slug":"markierungsarbeiten_am_lindenplatz_und_berliner_platz","status":"publish","type":"post","link":"https:\/\/hier-luebeck.de\/index.php\/markierungsarbeiten_am_lindenplatz_und_berliner_platz\/","title":{"rendered":"Markierungsarbeiten am Lindenplatz und Berliner Platz"},"content":{"rendered":"<p><img decoding=\"async\" title=\"HL-Info-kl\" src=\"http:\/\/www.hier-luebeck.de\/images\/topics\/HL-Info-kl.jpg\" alt=\"HL-Info-kl\" \/><br \/>\nDie Fahrbahnmarkierungen an den Kreisverkehrspl\u00e4tzen am Lindenplatz und am Berliner Platz werden am kommenden Wochenende, 2. und 3. August 2008 erneuert. Mit Verkehrsbeeintr\u00e4chtigungen ist zu rechnen.<!--more-->Dies teilt der Bereich Verkehr der Hansestadt L\u00fcbeck mit. W\u00e4hrend der Markierungsarbeiten ist kurzfristig mit Behinderungen zu rechnen.<br \/>\nAm Sonnabend, 2. August, werden zun\u00e4chst die Fahrbahnmarkierungen am Lindenplatz erneuert. Aufgrund der anstehenden politischen Diskussion mit derzeit noch offenem Ergebnis, werden dort nur die notwendigsten Arbeiten durchgef\u00fchrt, damit die sichere F\u00fchrung des Verkehrs wieder gew\u00e4hrleistet ist.<\/p>\n<p>Am Sonntag, 3. August, finden dann umfangreiche Markierungsarbeiten am Berliner Platz statt. Im Gegensatz zum Lindenplatz werden hier auch noch teilweise vorhandene Restmarkierungen entfernt und anschlie\u00dfend durch eine haltbarere Kaltplastikmarkierung ersetzt.<\/p>\n<p>Kaltplastikmarkierungen sind zwar um 15 bis 20 Prozent teurer, daf\u00fcr jedoch auch deutlich haltbarer. So wurde in der Hansestadt L\u00fcbeck der M\u00fchlentorplatz vor zwei Jahren erstmalig in Kaltplastik markiert und zeigt noch keinerlei Verschlei\u00dferscheinungen. Die \u00fcblichen Hei\u00dfplastikmarkierungen zeigen bei starkem Verkehrsaufkommen oftmals schon nach ein bis zwei Jahren deutliche Abnutzungserscheinungen.<br \/>\nSollten die Witterungsbedingungen die Arbeiten nicht zulassen, so werden diese um ein Wochenende verschoben.<\/p>\n","protected":false},"excerpt":{"rendered":"<p>Die Fahrbahnmarkierungen an den Kreisverkehrspl\u00e4tzen am Lindenplatz und am Berliner Platz werden am kommenden Wochenende, 2. und 3. August 2008<\/p>\n","protected":false},"author":292,"featured_media":0,"comment_status":"open","ping_status":"open","sticky":false,"template":"","format":"standard","meta":{"colormag_page_container_layout":"default_layout","colormag_page_sidebar_layout":"default_layout","footnotes":""},"categories":[15],"tags":[],"class_list":["post-6897","post","type-post","status-publish","format-standard","hentry","category-kultur"],"_links":{"self":[{"href":"https:\/\/hier-luebeck.de\/index.php\/wp-json\/wp\/v2\/posts\/6897","targetHints":{"allow":["GET"]}}],"collection":[{"href":"https:\/\/hier-luebeck.de\/index.php\/wp-json\/wp\/v2\/posts"}],"about":[{"href":"https:\/\/hier-luebeck.de\/index.php\/wp-json\/wp\/v2\/types\/post"}],"author":[{"embeddable":true,"href":"https:\/\/hier-luebeck.de\/index.php\/wp-json\/wp\/v2\/users\/292"}],"replies":[{"embeddable":true,"href":"https:\/\/hier-luebeck.de\/index.php\/wp-json\/wp\/v2\/comments?post=6897"}],"version-history":[{"count":0,"href":"https:\/\/hier-luebeck.de\/index.php\/wp-json\/wp\/v2\/posts\/6897\/revisions"}],"wp:attachment":[{"href":"https:\/\/hier-luebeck.de\/index.php\/wp-json\/wp\/v2\/media?parent=6897"}],"wp:term":[{"taxonomy":"category","embeddable":true,"href":"https:\/\/hier-luebeck.de\/index.php\/wp-json\/wp\/v2\/categories?post=6897"},{"taxonomy":"post_tag","embeddable":true,"href":"https:\/\/hier-luebeck.de\/index.php\/wp-json\/wp\/v2\/tags?post=6897"}],"curies":[{"name":"wp","href":"https:\/\/api.w.org\/{rel}","templated":true}]}}