{"id":6898,"date":"2008-07-31T15:44:17","date_gmt":"2008-07-31T15:44:17","guid":{"rendered":"http:\/\/testserver\/wordpress\/?p=6798"},"modified":"2008-07-31T15:44:17","modified_gmt":"2008-07-31T15:44:17","slug":"ab_sofort_darf_in_kleinen_kneipen_geraucht_werden","status":"publish","type":"post","link":"https:\/\/hier-luebeck.de\/index.php\/ab_sofort_darf_in_kleinen_kneipen_geraucht_werden\/","title":{"rendered":"Ab sofort darf in kleinen Kneipen geraucht werden"},"content":{"rendered":"<p><img decoding=\"async\" title=\"LandesregS-H\" src=\"http:\/\/www.hier-luebeck.de\/images\/topics\/LandesregS-H.jpg\" alt=\"LandesregS-H\" \/><br \/>\nDie Landesregierung wird die Vorgaben des Bundesverfassungsgerichts zum Rauchen in Gastst\u00e4tten schnell umsetzen. &#8222;Die Verfassungsrichter haben uns Zeit bis Ende 2009 gegeben. Eine langwierige Diskussion liegt nicht in unserem Interesse&#8220;, sagte Ministerpr\u00e4sident Peter Harry Carstensen heute.  <br \/>\n<!--more-->Schleswig-Holstein wolle m\u00f6glichst einheitliche Regelungen in den L\u00e4ndern. Von Donnerstag an sei das Rauchen in kleinen Kneipen bis 75 Quadratmeter in Schleswig-Holstein nach den Kriterien des Bundesverfassungsgerichts wieder erlaubt.<\/p>\n<p>&#8222;Die Koalition wird die Diskussion \u00fcber die Folgen des Karlsruher Urteils in aller Ruhe f\u00fchren und sich auf eine L\u00f6sung verst\u00e4ndigen, die dem Gesundheitsschutz der Nichtraucher dient, insbesondere den Interessen der Gastwirte kleiner Kneipen entspricht und in vor dem Verfassungsgericht Bestand hat&#8220;, so der Regierungschef.<\/p>\n<p>Quelle: Landesregierung SH<\/p>\n","protected":false},"excerpt":{"rendered":"<p>Die Landesregierung wird die Vorgaben des Bundesverfassungsgerichts zum Rauchen in Gastst\u00e4tten schnell umsetzen. &#8222;Die Verfassungsrichter haben uns Zeit bis Ende<\/p>\n","protected":false},"author":292,"featured_media":0,"comment_status":"open","ping_status":"open","sticky":false,"template":"","format":"standard","meta":{"colormag_page_container_layout":"default_layout","colormag_page_sidebar_layout":"default_layout","footnotes":""},"categories":[5],"tags":[],"class_list":["post-6898","post","type-post","status-publish","format-standard","hentry","category-politik-wirtschaft"],"_links":{"self":[{"href":"https:\/\/hier-luebeck.de\/index.php\/wp-json\/wp\/v2\/posts\/6898","targetHints":{"allow":["GET"]}}],"collection":[{"href":"https:\/\/hier-luebeck.de\/index.php\/wp-json\/wp\/v2\/posts"}],"about":[{"href":"https:\/\/hier-luebeck.de\/index.php\/wp-json\/wp\/v2\/types\/post"}],"author":[{"embeddable":true,"href":"https:\/\/hier-luebeck.de\/index.php\/wp-json\/wp\/v2\/users\/292"}],"replies":[{"embeddable":true,"href":"https:\/\/hier-luebeck.de\/index.php\/wp-json\/wp\/v2\/comments?post=6898"}],"version-history":[{"count":0,"href":"https:\/\/hier-luebeck.de\/index.php\/wp-json\/wp\/v2\/posts\/6898\/revisions"}],"wp:attachment":[{"href":"https:\/\/hier-luebeck.de\/index.php\/wp-json\/wp\/v2\/media?parent=6898"}],"wp:term":[{"taxonomy":"category","embeddable":true,"href":"https:\/\/hier-luebeck.de\/index.php\/wp-json\/wp\/v2\/categories?post=6898"},{"taxonomy":"post_tag","embeddable":true,"href":"https:\/\/hier-luebeck.de\/index.php\/wp-json\/wp\/v2\/tags?post=6898"}],"curies":[{"name":"wp","href":"https:\/\/api.w.org\/{rel}","templated":true}]}}