{"id":6910,"date":"2008-08-04T11:57:48","date_gmt":"2008-08-04T11:57:48","guid":{"rendered":"http:\/\/testserver\/wordpress\/?p=6810"},"modified":"2008-08-04T11:57:48","modified_gmt":"2008-08-04T11:57:48","slug":"ranzen_federtaschen_und_tuschksten_fr_bedrftige_kinder","status":"publish","type":"post","link":"https:\/\/hier-luebeck.de\/index.php\/ranzen_federtaschen_und_tuschksten_fr_bedrftige_kinder\/","title":{"rendered":"Ranzen, Federtaschen und Tuschk\u00e4sten f\u00fcr bed\u00fcrftige Kinder"},"content":{"rendered":"<p><img decoding=\"async\" title=\"HL-Info-kl\" src=\"http:\/\/www.hier-luebeck.de\/images\/topics\/HL-Info-kl.jpg\" alt=\"HL-Info-kl\" \/><br \/>\nRanzen, Federtaschen, Tuschk\u00e4sten und viele andere Schulmaterialien, die Kindern bed\u00fcrftiger Familien noch zum Schulstart fehlen, werden vom Fachbereich Kultur in Kooperation mit der Fortbildungsakademie der Wirtschaft (FAW) ausgegeben: <!--more-->Ort: Donnerstag, 7. August 2008, Sozialladen &#8222;Novi Life&#8220;, Schwertfegerstra\u00dfe 7.<\/p>\n<p>Der Sozialladen ist mit der Buslinie 16, Haltestelle Grapengie\u00dferstra\u00dfe, erreichbar. Jeweils dienstags, mittwochs und donnerstags von 10 bis 17 Uhr erfolgt die Ausgabe der Schulmaterialien. <br \/>\nIm Juli 2008 beschloss die B\u00fcrgerschaft, aus Mitteln des Sonderfonds bed\u00fcrftigen Kindern zum Start des neuen Schuljahres Ranzen und weiteren &#8222;schulbedingten Bedarf&#8220; zur Verf\u00fcgung zu stellen. Der Sozialladen &#8222;Novi Life&#8220; der FAW hat in den vergangenen Wochen bereits Ranzen an Familien verteilt, die ALG II beziehungsweise andere Leistungen durch die ARGE erhalten. Nun k\u00f6nnen auch die Kinder bedacht werden, deren Eltern geringf\u00fcgig verdienen oder aus anderen Gr\u00fcnden bed\u00fcrftig sind.<\/p>\n<p>Die Eltern k\u00f6nnen unb\u00fcrokratisch durch Vorlage ihres Personalausweises und des Einschulungsbescheides f\u00fcr das Kind oder eines anderen Nachweises der Einschulung, eine von der Stadt vorbereitete Erkl\u00e4rung zu ihren Eink\u00fcnften und finanziellen Belastungen ausf\u00fcllen und somit ihren Anspruch erkl\u00e4ren. Sie erhalten dann direkt die Dinge, die f\u00fcr die ABC-Sch\u00fctzen beim Schulstart so wichtig sind. Und auch Familien, die bereits Ranzen \u00fcber die ARGE erhalten haben, k\u00f6nnen jetzt &#8222;nachr\u00fcsten&#8220;: Auch sie erhalten erg\u00e4nzend Stifte, Tuschk\u00e4sten und viele weitere trendige Artikel zum Schulstart, weil die Ranzen nur teilweise damit gef\u00fcllt waren.<\/p>\n<p>Im Vorfeld haben die Mitarbeiter des Fachbereich Kultur und die FAW anhand der an die Eltern von Schulanf\u00e4ngern ausgegebenen Einkaufslisten den Bedarf ermittelt und die am h\u00e4ufigsten genannten Dinge f\u00fcr den Schulalltag eingekauft. <\/p>\n","protected":false},"excerpt":{"rendered":"<p>Ranzen, Federtaschen, Tuschk\u00e4sten und viele andere Schulmaterialien, die Kindern bed\u00fcrftiger Familien noch zum Schulstart fehlen, werden vom Fachbereich Kultur in<\/p>\n","protected":false},"author":292,"featured_media":0,"comment_status":"open","ping_status":"open","sticky":false,"template":"","format":"standard","meta":{"colormag_page_container_layout":"default_layout","colormag_page_sidebar_layout":"default_layout","footnotes":""},"categories":[5],"tags":[],"class_list":["post-6910","post","type-post","status-publish","format-standard","hentry","category-politik-wirtschaft"],"_links":{"self":[{"href":"https:\/\/hier-luebeck.de\/index.php\/wp-json\/wp\/v2\/posts\/6910","targetHints":{"allow":["GET"]}}],"collection":[{"href":"https:\/\/hier-luebeck.de\/index.php\/wp-json\/wp\/v2\/posts"}],"about":[{"href":"https:\/\/hier-luebeck.de\/index.php\/wp-json\/wp\/v2\/types\/post"}],"author":[{"embeddable":true,"href":"https:\/\/hier-luebeck.de\/index.php\/wp-json\/wp\/v2\/users\/292"}],"replies":[{"embeddable":true,"href":"https:\/\/hier-luebeck.de\/index.php\/wp-json\/wp\/v2\/comments?post=6910"}],"version-history":[{"count":0,"href":"https:\/\/hier-luebeck.de\/index.php\/wp-json\/wp\/v2\/posts\/6910\/revisions"}],"wp:attachment":[{"href":"https:\/\/hier-luebeck.de\/index.php\/wp-json\/wp\/v2\/media?parent=6910"}],"wp:term":[{"taxonomy":"category","embeddable":true,"href":"https:\/\/hier-luebeck.de\/index.php\/wp-json\/wp\/v2\/categories?post=6910"},{"taxonomy":"post_tag","embeddable":true,"href":"https:\/\/hier-luebeck.de\/index.php\/wp-json\/wp\/v2\/tags?post=6910"}],"curies":[{"name":"wp","href":"https:\/\/api.w.org\/{rel}","templated":true}]}}