{"id":6917,"date":"2008-08-04T14:47:54","date_gmt":"2008-08-04T14:47:54","guid":{"rendered":"http:\/\/testserver\/wordpress\/?p=6817"},"modified":"2008-08-04T14:47:54","modified_gmt":"2008-08-04T14:47:54","slug":"lbeck_und_travemnde_auf_der_leitmesse_der_bustouristik","status":"publish","type":"post","link":"https:\/\/hier-luebeck.de\/index.php\/lbeck_und_travemnde_auf_der_leitmesse_der_bustouristik\/","title":{"rendered":"L\u00fcbeck und Travem\u00fcnde auf der Leitmesse der Bustouristik"},"content":{"rendered":"<p><img decoding=\"async\" title=\"LTM-GrReiseKat09\" src=\"http:\/\/www.hier-luebeck.de\/images\/topics\/LTM-GrReiseKat09.jpg\" alt=\"LTM-GrReiseKat09\" \/><br \/>\nDie L\u00fcbeck und Travem\u00fcnde Marketing GmbH pr\u00e4sentiert auf der weltweit gr\u00f6\u00dften Busreisen-Fachmesse &#8222;RDA-Workshop&#8220; vom 5. bis 7. August 2008 in der K\u00f6lnmesse ihren druckfrischen Gruppenreisenkatalog 2009. <!--more-->Inhalt: die neuen Pauschalangeboten f\u00fcr Gruppen und den aktuellen Infos zu den Veranstaltungshighlights 2009\/2010. <\/p>\n<p>Als Anschlie\u00dfer sind das Restaurant Schiffergesellschaft, das Golden Tulip Hotel, die Kufra-Schifffahrt, Landal GreenParks und das Sea Life Centre mit von der Partie (Schleswig-Holstein-Stand in Halle 10.1., Stand KO 2). Superg\u00fcnstige und traumhaft sch\u00f6ne Urlaubsangebote zum Gruppentarif bietet die L\u00fcbeck und Travem\u00fcnde Marketing GmbH in ihrem druckfrischen Gruppenreisenkatalog 2009, der erstmals als praktischer Wendekatalog in Deutsch und Englisch erscheint. Hier finden sich verlockend preiswerte \u00dcbernachtungsangebote in der Hansestadt ab \u00a4 30,- pro Person (ab 15 Pers.) und eine riesige Auswahl an buchbaren L\u00fcbeck- und Travem\u00fcnde-Programmideen f\u00fcr Reiseveranstalter, Firmenincentives und gro\u00dfe Familienfeiern. <\/p>\n","protected":false},"excerpt":{"rendered":"<p>Die L\u00fcbeck und Travem\u00fcnde Marketing GmbH pr\u00e4sentiert auf der weltweit gr\u00f6\u00dften Busreisen-Fachmesse &#8222;RDA-Workshop&#8220; vom 5. bis 7. August 2008 in<\/p>\n","protected":false},"author":292,"featured_media":0,"comment_status":"open","ping_status":"open","sticky":false,"template":"","format":"standard","meta":{"colormag_page_container_layout":"default_layout","colormag_page_sidebar_layout":"default_layout","footnotes":""},"categories":[5],"tags":[],"class_list":["post-6917","post","type-post","status-publish","format-standard","hentry","category-politik-wirtschaft"],"_links":{"self":[{"href":"https:\/\/hier-luebeck.de\/index.php\/wp-json\/wp\/v2\/posts\/6917","targetHints":{"allow":["GET"]}}],"collection":[{"href":"https:\/\/hier-luebeck.de\/index.php\/wp-json\/wp\/v2\/posts"}],"about":[{"href":"https:\/\/hier-luebeck.de\/index.php\/wp-json\/wp\/v2\/types\/post"}],"author":[{"embeddable":true,"href":"https:\/\/hier-luebeck.de\/index.php\/wp-json\/wp\/v2\/users\/292"}],"replies":[{"embeddable":true,"href":"https:\/\/hier-luebeck.de\/index.php\/wp-json\/wp\/v2\/comments?post=6917"}],"version-history":[{"count":0,"href":"https:\/\/hier-luebeck.de\/index.php\/wp-json\/wp\/v2\/posts\/6917\/revisions"}],"wp:attachment":[{"href":"https:\/\/hier-luebeck.de\/index.php\/wp-json\/wp\/v2\/media?parent=6917"}],"wp:term":[{"taxonomy":"category","embeddable":true,"href":"https:\/\/hier-luebeck.de\/index.php\/wp-json\/wp\/v2\/categories?post=6917"},{"taxonomy":"post_tag","embeddable":true,"href":"https:\/\/hier-luebeck.de\/index.php\/wp-json\/wp\/v2\/tags?post=6917"}],"curies":[{"name":"wp","href":"https:\/\/api.w.org\/{rel}","templated":true}]}}