{"id":6919,"date":"2008-08-04T15:13:53","date_gmt":"2008-08-04T15:13:53","guid":{"rendered":"http:\/\/testserver\/wordpress\/?p=6819"},"modified":"2008-08-04T15:13:53","modified_gmt":"2008-08-04T15:13:53","slug":"lbecker_sommeroperette_gastiert_im_travemnder_kreuzfahrtterminal","status":"publish","type":"post","link":"https:\/\/hier-luebeck.de\/index.php\/lbecker_sommeroperette_gastiert_im_travemnder_kreuzfahrtterminal\/","title":{"rendered":"L\u00fcbecker Sommeroperette gastiert im Travem\u00fcnder Kreuzfahrt-Terminal"},"content":{"rendered":"<p><img decoding=\"async\" title=\"So-Op-Logo\" src=\"http:\/\/www.hier-luebeck.de\/images\/topics\/So-Op-Logo.jpg\" alt=\"So-Op-Logo\" \/><br \/>\nUnter dem Motto &#8222;Gl\u00fcckliche Reise&#8220; l\u00e4dt die &#8222;L\u00fcbecker Sommeroperette&#8220; in Kooperation mit dem Kurbetrieb Travem\u00fcnde am 12. August 2008 zu einer beschwingten Kreuzfahrt durch die Welt der Operette im Travem\u00fcnder Kreuzfahrt-Terminal am Ostpreu\u00dfenkai ein. <\/p>\n<p>Dem folgt am 19. August  2008 der maritime Liederabend &#8222;Auf hoher See&#8220; mit Melodien rund um H\u00e4fen, Meer und Matrosen.<\/p>\n<p><!--more-->Die musikalische Reise beginnt in Polen mit den sch\u00f6nsten Melodien aus der wohl erfolgreichsten deutschsprachigen Operette &#8222;Der Bettelstudent&#8220; von Karl Mill\u00f6cker, geht weiter nach Russland mit Franz Leh\u00e1rs &#8222;Der Zarewitsch&#8220; und macht auch in Frankreich Station mit Ausz\u00fcgen aus Franz Leh\u00e1rs erfolgreichsten und bekanntesten Operette. &#8222;Die lustige Witwe&#8220;. Melodien von Nico Dostal, Gerhard Winkler und Leo Fall stimmen anschlie\u00dfend auf Spanien ein und Kl\u00e4nge von Paul Lincke, Fred Raymond und Robert Stolz lassen musikalisch von Italien tr\u00e4umen. Durch das Programm f\u00fchrt Intendant Michael P. Schulz. Beginn: 20 Uhr.<\/p>\n<p>&#8222;Auf hoher See&#8220; hei\u00dft der maritime Liederabend, der am 19. August auf dem Programm der &#8222;L\u00fcbecker Sommeroperette&#8220; im Travem\u00fcnder Kreuzfahrtterminal steht. Pr\u00e4sentiert werden Melodien rund um &#8222;H\u00e4fen, Meer und Matrosen&#8220; mit unvergesslichen Hans-Albers-Titeln und Evergreens von Lothar Olias sowie Ausschnitten aus dem Musical &#8222;Gro\u00dfe Freiheit Nr.7&#8220; von Karl Vibach. Das Programm wird erg\u00e4nzt durch bekannte Filmschlager wie z.B. &#8222;La Paloma&#8220; und &#8222;Das ist die Liebe der Matrosen&#8220;. Beginn: 20 Uhr.<\/p>\n<p>www.luebecker-sommeroperette.de<\/p>\n","protected":false},"excerpt":{"rendered":"<p>Unter dem Motto &#8222;Gl\u00fcckliche Reise&#8220; l\u00e4dt die &#8222;L\u00fcbecker Sommeroperette&#8220; in Kooperation mit dem Kurbetrieb Travem\u00fcnde am 12. August 2008 zu<\/p>\n","protected":false},"author":292,"featured_media":0,"comment_status":"open","ping_status":"open","sticky":false,"template":"","format":"standard","meta":{"colormag_page_container_layout":"default_layout","colormag_page_sidebar_layout":"default_layout","footnotes":""},"categories":[7],"tags":[],"class_list":["post-6919","post","type-post","status-publish","format-standard","hentry","category-wissenschaft"],"_links":{"self":[{"href":"https:\/\/hier-luebeck.de\/index.php\/wp-json\/wp\/v2\/posts\/6919","targetHints":{"allow":["GET"]}}],"collection":[{"href":"https:\/\/hier-luebeck.de\/index.php\/wp-json\/wp\/v2\/posts"}],"about":[{"href":"https:\/\/hier-luebeck.de\/index.php\/wp-json\/wp\/v2\/types\/post"}],"author":[{"embeddable":true,"href":"https:\/\/hier-luebeck.de\/index.php\/wp-json\/wp\/v2\/users\/292"}],"replies":[{"embeddable":true,"href":"https:\/\/hier-luebeck.de\/index.php\/wp-json\/wp\/v2\/comments?post=6919"}],"version-history":[{"count":0,"href":"https:\/\/hier-luebeck.de\/index.php\/wp-json\/wp\/v2\/posts\/6919\/revisions"}],"wp:attachment":[{"href":"https:\/\/hier-luebeck.de\/index.php\/wp-json\/wp\/v2\/media?parent=6919"}],"wp:term":[{"taxonomy":"category","embeddable":true,"href":"https:\/\/hier-luebeck.de\/index.php\/wp-json\/wp\/v2\/categories?post=6919"},{"taxonomy":"post_tag","embeddable":true,"href":"https:\/\/hier-luebeck.de\/index.php\/wp-json\/wp\/v2\/tags?post=6919"}],"curies":[{"name":"wp","href":"https:\/\/api.w.org\/{rel}","templated":true}]}}