{"id":6927,"date":"2008-08-04T23:26:38","date_gmt":"2008-08-04T23:26:38","guid":{"rendered":"http:\/\/testserver\/wordpress\/?p=6827"},"modified":"2008-08-04T23:26:38","modified_gmt":"2008-08-04T23:26:38","slug":"sail_travemnde_ldt_zum_mitsegeln_ein","status":"publish","type":"post","link":"https:\/\/hier-luebeck.de\/index.php\/sail_travemnde_ldt_zum_mitsegeln_ein\/","title":{"rendered":"&#8222;Sail Travem\u00fcnde&#8220; l\u00e4dt zum Mitsegeln ein"},"content":{"rendered":"<p><img decoding=\"async\" title=\"St.-Barbara-Anna\" src=\"http:\/\/www.hier-luebeck.de\/images\/topics\/St.-Barbara-Anna.jpg\" alt=\"St.-Barbara-Anna\" \/><br \/>\n&#8222;Sail Travem\u00fcnde&#8220;: Das Segelevent vom 22.-24. August 2008 bietet ein Programm f\u00fcr die ganze Familie. Die  Buchung der Segelt\u00f6rns ist ab sofort unter 0451-88 99 700 m\u00f6glich.<\/p>\n<p>Foto \u00fc\/LTM: Santa Barbara Anna <br \/>\n<!--more-->Die &#8222;Sail Travem\u00fcnde&#8220; l\u00e4dt zum Mitsegeln an Bord traditionsreicher Oldtimersegelschiffe aus dem gesamten Ostseeraum ein. \u00dcber zwanzig liebevoll restaurierte Traditionssegler vom Gaffelschoner bis zum schmucken Dreimaster aus den Niederlanden, Polen, Schweden, Russland und Deutschland mit rund 120 Crewmitgliedern an Bord nehmen in diesem Jahr wieder Kurs auf Travem\u00fcnde.<\/p>\n<p>Das Ostseeheilbad ist vom 22.-24. August 2008 Zielhafen im Verbund der &#8222;Baltic Sail&#8220; von Gdansk\/Polen, Halmstad\/Schweden, Klaipeda\/Litauen, Karlskrona\/Schweden und der Hanse Sail Rostock. Klangvolle Namen wie Aglaia, Astarte, Baltic Beauty, Bryza H, Hansine, Krik Vig, Landrath K\u00fcster, Lilleholm, Marie Galante, Neerlandia, Santa Barbara Anna, Sunthorice, Vadder Gerrit und Yunyi Baltiets stehen auf der internationalen G\u00e4steliste.<\/p>\n<p>Von der Gaffelketsch \u00fcber die Galeasse bis zum Dreimastbram-segelschoner der Kelly-Family laden die Segeloldtimer zum Open Ship an Bord und zum Mitsegeln auf der Ostsee ein. Info und Buchung ab sofort unter 0451-88 99 700!<\/p>\n","protected":false},"excerpt":{"rendered":"<p>&#8222;Sail Travem\u00fcnde&#8220;: Das Segelevent vom 22.-24. August 2008 bietet ein Programm f\u00fcr die ganze Familie. Die Buchung der Segelt\u00f6rns ist<\/p>\n","protected":false},"author":292,"featured_media":0,"comment_status":"open","ping_status":"open","sticky":false,"template":"","format":"standard","meta":{"colormag_page_container_layout":"default_layout","colormag_page_sidebar_layout":"default_layout","footnotes":""},"categories":[5],"tags":[],"class_list":["post-6927","post","type-post","status-publish","format-standard","hentry","category-politik-wirtschaft"],"_links":{"self":[{"href":"https:\/\/hier-luebeck.de\/index.php\/wp-json\/wp\/v2\/posts\/6927","targetHints":{"allow":["GET"]}}],"collection":[{"href":"https:\/\/hier-luebeck.de\/index.php\/wp-json\/wp\/v2\/posts"}],"about":[{"href":"https:\/\/hier-luebeck.de\/index.php\/wp-json\/wp\/v2\/types\/post"}],"author":[{"embeddable":true,"href":"https:\/\/hier-luebeck.de\/index.php\/wp-json\/wp\/v2\/users\/292"}],"replies":[{"embeddable":true,"href":"https:\/\/hier-luebeck.de\/index.php\/wp-json\/wp\/v2\/comments?post=6927"}],"version-history":[{"count":0,"href":"https:\/\/hier-luebeck.de\/index.php\/wp-json\/wp\/v2\/posts\/6927\/revisions"}],"wp:attachment":[{"href":"https:\/\/hier-luebeck.de\/index.php\/wp-json\/wp\/v2\/media?parent=6927"}],"wp:term":[{"taxonomy":"category","embeddable":true,"href":"https:\/\/hier-luebeck.de\/index.php\/wp-json\/wp\/v2\/categories?post=6927"},{"taxonomy":"post_tag","embeddable":true,"href":"https:\/\/hier-luebeck.de\/index.php\/wp-json\/wp\/v2\/tags?post=6927"}],"curies":[{"name":"wp","href":"https:\/\/api.w.org\/{rel}","templated":true}]}}