{"id":6930,"date":"2008-08-05T00:24:40","date_gmt":"2008-08-05T00:24:40","guid":{"rendered":"http:\/\/testserver\/wordpress\/?p=6830"},"modified":"2008-08-05T00:24:40","modified_gmt":"2008-08-05T00:24:40","slug":"literatursommer_ralph_dutli__hommage_an_ossip_mandelstams","status":"publish","type":"post","link":"https:\/\/hier-luebeck.de\/index.php\/literatursommer_ralph_dutli__hommage_an_ossip_mandelstams\/","title":{"rendered":"Literatursommer: Ralph Dutli &#8211; Hommage an Ossip Mandelstams"},"content":{"rendered":"<p><img decoding=\"async\" title=\"Dutli,Ralph\" src=\"http:\/\/www.hier-luebeck.de\/images\/topics\/Dutli,Ralph.jpg\" alt=\"Dutli,Ralph\" \/><br \/>\nIm Rahmen der literarischen Veranstaltungsreihe &#8222;Literatursommer Schleswig-Holstein&#8220; zum SHMF-L\u00e4nderschwerpunkt Russland l\u00e4dt der L\u00fcbecker Arbeitskreis des Literatursommers zu einer Hommage Ralph Dutlis an den russischen Schriftsteller Ossip Mandelstams ein:<br \/>\nFoto \u00fc\/Veranstalter<!--more-->Dieser pr\u00e4sentiert am Montag, 11. August 2008, um 19.30 Uhr unter dem Titel &#8222;Meine Zeit, mein Tier&#8220; seine Werke \u00fcber den Schriftsteller im Buddenbrookhaus. <\/p>\n<p>Ralph Dutli hat eine zehnb\u00e4ndige \u00dcbersetzung der Werke Ossip Mandelstams im Ammann-Verlag in Z\u00fcrich herausgegeben. Neben diversen anderen Werken taucht er auf vier CDs in die russische Literaturgeschichte ein und nimmt die H\u00f6rer auf diese au\u00dferordentliche Reise mit. 2003 erschien seine grundlegende Biographie Ossip Mandelstams &#8222;;Meine Zeit, mein Tier&#8220;.<\/p>\n<p>In L\u00fcbeck wird der \u00dcbersetzer die Arbeit an Mandelstams Werk vorstellen, zu der er als Lyriker besonders geeignet ist. Ralph Dutli hat sich jahrzehntelang in verschiedenen Publikationen mit dem Leben Mandelstams besch\u00e4ftigt, die ihren H\u00f6hepunkt in der gro\u00dfen Biographie finden. Seine Hommage f\u00fcr Mandelstam setzt er fort, indem er einen kleinen Einblick in seine Arbeit an der zehnb\u00e4ndigen Werkausgabe gibt. Hierbei darf nat\u00fcrlich die Lyrik von Mandelstam und dessen zeitweiliger Geliebter Anna Achmatowa nicht fehlen.<\/p>\n<p>Als Bonmot und Abschluss tr\u00e4gt Ralph Dutli eigene Gedichte unter anderem aus dem Lyrikband &#8222;Novalis im Weinberg&#8220;; vor.<\/p>\n","protected":false},"excerpt":{"rendered":"<p>Im Rahmen der literarischen Veranstaltungsreihe &#8222;Literatursommer Schleswig-Holstein&#8220; zum SHMF-L\u00e4nderschwerpunkt Russland l\u00e4dt der L\u00fcbecker Arbeitskreis des Literatursommers zu einer Hommage Ralph<\/p>\n","protected":false},"author":292,"featured_media":0,"comment_status":"open","ping_status":"open","sticky":false,"template":"","format":"standard","meta":{"colormag_page_container_layout":"default_layout","colormag_page_sidebar_layout":"default_layout","footnotes":""},"categories":[13],"tags":[],"class_list":["post-6930","post","type-post","status-publish","format-standard","hentry","category-veranstaltungen"],"_links":{"self":[{"href":"https:\/\/hier-luebeck.de\/index.php\/wp-json\/wp\/v2\/posts\/6930","targetHints":{"allow":["GET"]}}],"collection":[{"href":"https:\/\/hier-luebeck.de\/index.php\/wp-json\/wp\/v2\/posts"}],"about":[{"href":"https:\/\/hier-luebeck.de\/index.php\/wp-json\/wp\/v2\/types\/post"}],"author":[{"embeddable":true,"href":"https:\/\/hier-luebeck.de\/index.php\/wp-json\/wp\/v2\/users\/292"}],"replies":[{"embeddable":true,"href":"https:\/\/hier-luebeck.de\/index.php\/wp-json\/wp\/v2\/comments?post=6930"}],"version-history":[{"count":0,"href":"https:\/\/hier-luebeck.de\/index.php\/wp-json\/wp\/v2\/posts\/6930\/revisions"}],"wp:attachment":[{"href":"https:\/\/hier-luebeck.de\/index.php\/wp-json\/wp\/v2\/media?parent=6930"}],"wp:term":[{"taxonomy":"category","embeddable":true,"href":"https:\/\/hier-luebeck.de\/index.php\/wp-json\/wp\/v2\/categories?post=6930"},{"taxonomy":"post_tag","embeddable":true,"href":"https:\/\/hier-luebeck.de\/index.php\/wp-json\/wp\/v2\/tags?post=6930"}],"curies":[{"name":"wp","href":"https:\/\/api.w.org\/{rel}","templated":true}]}}