{"id":69311,"date":"2012-05-31T15:04:39","date_gmt":"2012-05-31T13:04:39","guid":{"rendered":"http:\/\/www.hier-luebeck.de\/?p=69311"},"modified":"2012-05-31T15:04:39","modified_gmt":"2012-05-31T13:04:39","slug":"huxstrasse-samstags-ohne-fliesenden-verkehr-mit-sudlandischem-flair","status":"publish","type":"post","link":"https:\/\/hier-luebeck.de\/index.php\/huxstrasse-samstags-ohne-fliesenden-verkehr-mit-sudlandischem-flair\/","title":{"rendered":"H\u00fcxstrasse: Samstags ohne flie\u00dfenden Verkehr \u2013  mit s\u00fcdl\u00e4ndischem Flair!"},"content":{"rendered":"<p><span style=\"font-family: Times New Roman; font-size: medium;\"><a href=\"http:\/\/www.hier-luebeck.de\/2011\/07\/sommerfest-der-huxstrase-2011-zwischen-orient-und-okzident\/die-huexstrasse\/\" rel=\"attachment wp-att-36959\"><img loading=\"lazy\" decoding=\"async\" class=\"wp-image-36959 alignright\" title=\"die Huexstrasse\" src=\"http:\/\/www.hier-luebeck.de\/wp-content\/uploads\/2011\/07\/die-Huexstrasse.jpg\" alt=\"\" width=\"223\" height=\"312\" \/><\/a>Ab 2. Juni 2012 werden die Bewohner und G\u00e4ste der Stra\u00dfe dauerhaft an allen Samstagen im Jahr von 11 Uhr bis 18 Uhr die verkehrsfreie H\u00fcxstra\u00dfe genie\u00dfen k\u00f6nnen. Wir m\u00f6chten Sie zur Er\u00f6ffnung an diesem Samstag 11 Uhr (2. Juni 12) Ecke H\u00fcxstra\u00dfe \/ K\u00f6nigstra\u00dfe einladen. Gemeinschaftlich werden die Gesch\u00e4ftsleute kurz nach 11 Uhr ein Band durchschneiden und die Fu\u00dfg\u00e4ngerzone an den Samstagen mit Ihnen er\u00f6ffnen.F\u00fcr die Er\u00f6ffnung haben wir folgende Personen eingeladen, die ihr Kommen zugesagt haben:<!--more-->&#8211; Bausenator Franz-Peter Boden<\/span><\/p>\n<p><span style=\"font-family: Times New Roman; font-size: medium;\">&#8211; Helmut Sch\u00fcnemann (<span style=\"color: #222222;\">Fachbereich Planen und Bauen, Stadtplanung\/ Abt. Verkehrsplanung)<\/span><\/span><\/p>\n<p><span style=\"font-family: Times New Roman; font-size: medium;\">&#8211; Hans J\u00fcrgen Frick (<\/span><span style=\"font-size: medium;\">Pr\u00e4sident von Einzelhandelsverband Nord-Ost e.V.)<\/span><\/p>\n<p><span style=\"font-family: Times New Roman; font-size: medium;\">&#8211; Janine-Christine Streu (<\/span><span style=\"font-size: medium;\">Leitung Citymanagement, L\u00fcbeck und Travem\u00fcnde Marketing GmbH)<\/span><\/p>\n<p><span style=\"font-family: Times New Roman; font-size: medium;\">&#8211; Olivia Kempke (<\/span><span style=\"font-size: medium;\">Gesch\u00e4ftsf\u00fchrerin L\u00fcbeck-Management)<\/span><\/p>\n<p><span style=\"color: #222222; font-family: Times New Roman; font-size: medium;\">Anschlie\u00dfend wird es ein Glas Sekt oder O-Saft bei der Weinhandlung Roeper (H\u00fcxstr. 22-24) geben.<\/span><\/p>\n<p><span style=\"font-family: Times New Roman; font-size: medium;\">Wir Gesch\u00e4ftsleute freuen uns, da die Aufenthaltsqualit\u00e4t der H\u00fcxstra\u00dfe als eine <strong>\u201eArt Fu\u00dfg\u00e4ngerzone&#8220;<\/strong> ohne flie\u00dfenden Verkehr und ohne parkende Autos an den Samstagen von 11 Uhr bis 18 Uhr stark steigen wird und zum entspannten Bummeln in L\u00fcbecks sch\u00f6nster Einkaufsstra\u00dfe einl\u00e4dt.<\/span><\/p>\n<p><span style=\"font-family: Times New Roman; font-size: medium;\">Im Auftrag des Vorstandes der Interessengemeinschaft H\u00fcxstra\u00dfe GbR<\/span><\/p>\n<p><a href=\"http:\/\/www.die-huexstrasse.de\" target=\"_blank\"><strong><span style=\"color: #8d232b; font-family: Times New Roman; font-size: medium;\">www.die-huexstrasse.de<\/span><\/strong><\/a><\/p>\n","protected":false},"excerpt":{"rendered":"<p>Ab 2. Juni 2012 werden die Bewohner und G\u00e4ste der Stra\u00dfe dauerhaft an allen Samstagen im Jahr von 11 Uhr<\/p>\n","protected":false},"author":3,"featured_media":0,"comment_status":"open","ping_status":"open","sticky":false,"template":"","format":"standard","meta":{"colormag_page_container_layout":"default_layout","colormag_page_sidebar_layout":"default_layout","footnotes":""},"categories":[13],"tags":[5738],"class_list":["post-69311","post","type-post","status-publish","format-standard","hentry","category-veranstaltungen","tag-huxstrasse-samstags-ohne-fliesenden-verkehr-mit-sudlandischem-flair"],"_links":{"self":[{"href":"https:\/\/hier-luebeck.de\/index.php\/wp-json\/wp\/v2\/posts\/69311","targetHints":{"allow":["GET"]}}],"collection":[{"href":"https:\/\/hier-luebeck.de\/index.php\/wp-json\/wp\/v2\/posts"}],"about":[{"href":"https:\/\/hier-luebeck.de\/index.php\/wp-json\/wp\/v2\/types\/post"}],"author":[{"embeddable":true,"href":"https:\/\/hier-luebeck.de\/index.php\/wp-json\/wp\/v2\/users\/3"}],"replies":[{"embeddable":true,"href":"https:\/\/hier-luebeck.de\/index.php\/wp-json\/wp\/v2\/comments?post=69311"}],"version-history":[{"count":2,"href":"https:\/\/hier-luebeck.de\/index.php\/wp-json\/wp\/v2\/posts\/69311\/revisions"}],"predecessor-version":[{"id":69313,"href":"https:\/\/hier-luebeck.de\/index.php\/wp-json\/wp\/v2\/posts\/69311\/revisions\/69313"}],"wp:attachment":[{"href":"https:\/\/hier-luebeck.de\/index.php\/wp-json\/wp\/v2\/media?parent=69311"}],"wp:term":[{"taxonomy":"category","embeddable":true,"href":"https:\/\/hier-luebeck.de\/index.php\/wp-json\/wp\/v2\/categories?post=69311"},{"taxonomy":"post_tag","embeddable":true,"href":"https:\/\/hier-luebeck.de\/index.php\/wp-json\/wp\/v2\/tags?post=69311"}],"curies":[{"name":"wp","href":"https:\/\/api.w.org\/{rel}","templated":true}]}}