{"id":69314,"date":"2012-05-31T15:06:50","date_gmt":"2012-05-31T13:06:50","guid":{"rendered":"http:\/\/www.hier-luebeck.de\/?p=69314"},"modified":"2012-05-31T15:06:50","modified_gmt":"2012-05-31T13:06:50","slug":"werbung-fur-fernsehgerate-energieeffizienz-im-abseits-elf-anbieter-abgemahnt","status":"publish","type":"post","link":"https:\/\/hier-luebeck.de\/index.php\/werbung-fur-fernsehgerate-energieeffizienz-im-abseits-elf-anbieter-abgemahnt\/","title":{"rendered":"Werbung f\u00fcr Fernsehger\u00e4te &#8211; Energieeffizienz im Abseits \u2013 Elf Anbieter abgemahnt"},"content":{"rendered":"<p>VZ\/NRW\u00a0\u00a0 Eine Steilvorlage zur Verbraucherinformation \u00fcber den Stromverbrauch von Fernsehern droht an der Abwehrkette des Handels zu scheitern: Die neue gesetzliche Pflicht, dass die Energieeffizienzklassen (EEK) in jeder Werbung zwingend mit anzugeben sind, steht oftmals noch im Abseits. Mit elf Abmahnungen und einer Klage gegen die Champions League der Elektronikketten sowie mit Hinweisschreiben an Preisvergleichsportale will die Verbraucherzentrale NRW jetzt f\u00fcr mehr Klimaschutz punkten. Wer vor dem Ansto\u00df zur Fu\u00dfball-EM noch einen neuen Fernseher anschafft, ist mit einem Ger\u00e4t der Energieeffizienzklasse A \u2013 zu erkennen am gr\u00fcnen Balken \u2013 stromsparend aufgestellt.<!--more-->Was f\u00fcr K\u00fchlschr\u00e4nke und Waschmaschinen schon lange Pflicht, ge\u00adh\u00f6rt nun auch beim Fernseher zum Programm: K\u00e4ufer von LED-, LCD- oder Plasmager\u00e4t m\u00fcssen dank Energielabel beim Strom\u00adverbrauch nicht mehr schwarzsehen. Denn seit November 2011 sind Angaben zur Energieeffizienzklasse, zum j\u00e4hrlichen Energie\u00adverbrauch sowie zur Leistungsaufnahme im Ein-Zustand Pflicht, wenn die Mattscheiben im station\u00e4ren Handel feilgeboten werden. Aber nicht nur bei der Pr\u00e4sentation in Elektro- und Verbraucherm\u00e4rkten sowie in Fachgesch\u00e4ften verordnete der Gesetzgeber das Fernseh\u00adenergiesparlabel, sondern machte es seit 30. M\u00e4rz 2012 auch beim Onlinehandel zur Pflichtinformation. Obendrein muss seither bei jeder Werbung f\u00fcr Fernsehger\u00e4te, in der ein Preis auftaucht, die Energie-effizienzklasse mit angegeben werden. Ob in Prospekten, auf Plakaten oder bei der Werbung im Internet \u2013 am Energielabel kommt keine Anpreisung mehr vorbei. Und auch bei Preisportalen, die Sparf\u00fcchsen beim Vergleich von Fernseh-Schn\u00e4ppchen online auf die Spr\u00fcnge helfen, d\u00fcrfen die Energieeffizienzklassen nicht einen<\/p>\n<p>Mausklick entfernt sein, sondern m\u00fcssen unmittelbar neben Preis und Produktwerbung stehen.<\/p>\n<p>Beim Fitness-Check, wie Anbieter und Werbestrategen die neuen Pflichtangaben einge\u00fcbt haben, hat die Verbraucherzentrale NRW jetzt Stellungsfehler zuhauf entdeckt: Elf H\u00e4ndlern, darunter Media Markt, Pro Markt, Saturn, Lidl, Panasonic und Redcoon, zeigten die Verbrauchersch\u00fctzer die \u201egelbe Karte\u201c und mahnte diese ab \u2013 weil entweder einzelne der vorgeschriebenen Angaben fehlten oder auf den Hinweis zur Energieeffizienzklasse in der Werbung g\u00e4nzlich verzichtet worden war. Sieben H\u00e4ndler haben inzwischen Besserung gelobt und mit einer Unterlassungserkl\u00e4rung versprochen, k\u00fcnftig bei der Verbraucherinformation zum Stromverbrauch regelkonform in die Werbeoffensive zu gehen. Gegen zwei Anbieter (Promarkt und Medimax) erwirkten die Verbrauchersch\u00fctzer einstweilige Verf\u00fcgungen.<\/p>\n<p>Au\u00dferdem hat die Verbraucherzentrale NRW Preisvergleichsportale wie billiger.de, guenstiger.de oder idealo.de angeschrieben und dar\u00ad\u00fcber informiert, dass sich die neue Kennzeichnungspflicht auch auf deren Seitengestaltung auswirkt: Denn Portalbetreiber m\u00fcssen<br \/>\nOnlineh\u00e4ndlern, die ihre Ger\u00e4te auf Preisvergleichsportalen \u201ebewer\u00adben\u201c, in unmittelbarer N\u00e4he zu Werbung und Preis entsprechenden Platz einr\u00e4umen, damit diese die geforderten Pflichtangaben auch unterbringen k\u00f6nnen. Inzwischen haben die Vergleichsportale ihre Seiten passgenau umgestellt. Allein mit dem Betreiber Amazon geht\u2019s in die Verl\u00e4ngerung: Gegen ihn bereitet die Verbraucherzentrale NRW nun eine Klage vor.<\/p>\n","protected":false},"excerpt":{"rendered":"<p>VZ\/NRW\u00a0\u00a0 Eine Steilvorlage zur Verbraucherinformation \u00fcber den Stromverbrauch von Fernsehern droht an der Abwehrkette des Handels zu scheitern: Die neue<\/p>\n","protected":false},"author":3,"featured_media":0,"comment_status":"open","ping_status":"open","sticky":false,"template":"","format":"standard","meta":{"colormag_page_container_layout":"default_layout","colormag_page_sidebar_layout":"default_layout","footnotes":""},"categories":[5],"tags":[5740,5739],"class_list":["post-69314","post","type-post","status-publish","format-standard","hentry","category-politik-wirtschaft","tag-abgemahnt","tag-werbung-fur-fernsehgerate-energieeffizienz-im-abseits-elf-anbieter"],"_links":{"self":[{"href":"https:\/\/hier-luebeck.de\/index.php\/wp-json\/wp\/v2\/posts\/69314","targetHints":{"allow":["GET"]}}],"collection":[{"href":"https:\/\/hier-luebeck.de\/index.php\/wp-json\/wp\/v2\/posts"}],"about":[{"href":"https:\/\/hier-luebeck.de\/index.php\/wp-json\/wp\/v2\/types\/post"}],"author":[{"embeddable":true,"href":"https:\/\/hier-luebeck.de\/index.php\/wp-json\/wp\/v2\/users\/3"}],"replies":[{"embeddable":true,"href":"https:\/\/hier-luebeck.de\/index.php\/wp-json\/wp\/v2\/comments?post=69314"}],"version-history":[{"count":1,"href":"https:\/\/hier-luebeck.de\/index.php\/wp-json\/wp\/v2\/posts\/69314\/revisions"}],"predecessor-version":[{"id":69315,"href":"https:\/\/hier-luebeck.de\/index.php\/wp-json\/wp\/v2\/posts\/69314\/revisions\/69315"}],"wp:attachment":[{"href":"https:\/\/hier-luebeck.de\/index.php\/wp-json\/wp\/v2\/media?parent=69314"}],"wp:term":[{"taxonomy":"category","embeddable":true,"href":"https:\/\/hier-luebeck.de\/index.php\/wp-json\/wp\/v2\/categories?post=69314"},{"taxonomy":"post_tag","embeddable":true,"href":"https:\/\/hier-luebeck.de\/index.php\/wp-json\/wp\/v2\/tags?post=69314"}],"curies":[{"name":"wp","href":"https:\/\/api.w.org\/{rel}","templated":true}]}}