{"id":69316,"date":"2012-05-31T15:10:25","date_gmt":"2012-05-31T13:10:25","guid":{"rendered":"http:\/\/www.hier-luebeck.de\/?p=69316"},"modified":"2012-05-31T15:10:25","modified_gmt":"2012-05-31T13:10:25","slug":"ihk-nord-konjunkturumfrage-fur-die-maritime-wirtschaft-stimmung-im-fruhjahr-gestiegen-sorge-um-hohe-energiepreise","status":"publish","type":"post","link":"https:\/\/hier-luebeck.de\/index.php\/ihk-nord-konjunkturumfrage-fur-die-maritime-wirtschaft-stimmung-im-fruhjahr-gestiegen-sorge-um-hohe-energiepreise\/","title":{"rendered":"IHK Nord-Konjunkturumfrage f\u00fcr die maritime Wirtschaft: Stimmung im Fr\u00fchjahr gestiegen \/ Sorge um hohe Energiepreise"},"content":{"rendered":"<p><span>Die Stimmung in der maritimen Wirtschaft hat sich im Fr\u00fchjahr 2012 verbessert. Der Gesch\u00e4ftsklimaindex stieg im Vergleich zum Herbst 2011 von rund 98 Punkten auf 105 Punkte. Sowohl bei den Reedern als auch im Schiffbau verzeichnete das Konjunkturbarometer der 13 norddeutschen Industrie- und Handelskammern ein deutliches Plus. Dagegen blickt die Hafenwirtschaft mit leicht ged\u00e4mpften Erwartungen in die Zukunft. Gro\u00dfe Sorge bereitet den Unternehmen die Entwicklung der Energiepreise.<\/span><!--more-->Mit einem Gesch\u00e4ftsklimaindex von 97,3 Punkten liegt die Schifffahrt zwar weiterhin unter dem Durchschnitt der gesamten maritimen Branche. Dennoch legte der Wert im Vergleich zur Herbstumfrage 2011 um 17 Punkte deutlich zu. 90 Prozent der Reeder betrachten die Energiepreise als gr\u00f6\u00dftes wirtschaftliches Risiko. Klaus-Hinrich Vater, Vorsitzender der IHK Nord und Pr\u00e4sident der IHK zu Kiel, sagte: \u201eDie Linienreeder haben erst k\u00fcrzlich ihre Frachtraten erh\u00f6ht. Es bleibt aber abzuwarten, ob die Erh\u00f6hungen auch dauerhaft am Markt durchgesetzt werden k\u00f6nnen.\u201c Auch bei den Charterraten f\u00fcr Containerschiffe gebe es erste Anzeichen f\u00fcr ein Ende des Abw\u00e4rtstrends der vergangenen Monate. \u201eWir sind verhalten optimistisch und hoffen, dass wir bei den Charterraten die Tiefpunkte hinter uns gelassen haben\u201c, sagte Vater.<\/p>\n<p>Auch im Schiffbau hat sich die Stimmung wieder verbessert. Der Gesch\u00e4ftsklimaindex kletterte um rund 13 Punkte auf einen Wert von 125,3 Punkten. 70 Prozent der befragten Betriebe klagen \u00fcber hohe Energiepreise. Knapp 54 Prozent der Schiffbauer haben die Suche nach geeigneten Fachkr\u00e4ften als eines der gr\u00f6\u00dften wirtschaftlichen Risiken genannt. Auch die Finanzierung von Schiffbauauftr\u00e4gen sieht inzwischen jede zweite Werft mit gro\u00dfer Sorge. \u201eBesonders der Bau von Spezialschiffen ist teurer und anspruchsvoller als bei Standardschiffen. Deshalb sollten Bund und L\u00e4nder gemeinsam mit der KfW-Bank die Finanzierung der Auftr\u00e4ge f\u00fcr deutsche Werften weiterhin absichern\u201c, so Vater.<\/p>\n<p>Die aktuelle Fr\u00fchjahrsstimmung 2012 der Unternehmen in der Hafenwirtschaft bleibt weiter stabil, liegt aber mit 103,4 Punkten leicht unter den Werten vom Herbst des letzten Jahres mit 109,3 Punkten. F\u00fcr dieses Jahr sehen rund 85 Prozent der befragten Unternehmen die Entwicklung der Auslandsnachfrage als das gr\u00f6\u00dfte wirtschaftliche Risiko an. Jedes zweite Unternehmen glaubt, dass die Entwicklung der Energiepreise der Konjunktur einen D\u00e4mpfer geben k\u00f6nnte.<\/p>\n<p>Die Ergebnisse der Konjunkturumfrage finden Sie als Diagramm zum Download auf der IHK Nord-Homepage unter <a title=\"outbind:\/\/22-00000000D1481070092A9344AA6F6981BDA9C7EDC4D77A00\/www.ihk-nord.de\" href=\"www.ihk-nord.de\"><span style=\"color: #002060; font-family: Calibri; font-size: small;\" title=\"outbind:\/\/22-00000000D1481070092A9344AA6F6981BDA9C7EDC4D77A00\/www.ihk-nord.de\"><span style=\"text-decoration: underline;\" title=\"outbind:\/\/22-00000000D1481070092A9344AA6F6981BDA9C7EDC4D77A00\/www.ihk-nord.de\">www.ihk-nord.de<\/span><\/span><\/a><span style=\"color: #002060; font-family: Calibri; font-size: small;\">.<\/span><\/p>\n<p>Die IHK Nord ist ein Zusammenschluss 13 norddeutscher Industrie- und Handelskammern aus Niedersachsen, Bremen, Hamburg, Mecklenburg-Vorpommern und Schleswig-Holstein. Sie vertreten knapp 700.000 Unternehmen in Norddeutschland und st\u00fctzen sich auf rund 20.000 ehrenamtlich engagierte Unternehmerinnen und Unternehmer. Arbeitsschwerpunkte sind die Hafenwirtschaft, die maritime Technologie, die Verkehrsinfrastruktur, die Tourismuswirtschaft und die Industrie. <a title=\"outbind:\/\/22-00000000D1481070092A9344AA6F6981BDA9C7EDC4D77A00\/www.ihk-nord.de\" href=\"www.ihk-nord.de\"><span style=\"color: #002060; font-family: Calibri; font-size: small;\" title=\"outbind:\/\/22-00000000D1481070092A9344AA6F6981BDA9C7EDC4D77A00\/www.ihk-nord.de\">www.ihk-nord.de<\/span><\/a><\/p>\n","protected":false},"excerpt":{"rendered":"<p>Die Stimmung in der maritimen Wirtschaft hat sich im Fr\u00fchjahr 2012 verbessert. Der Gesch\u00e4ftsklimaindex stieg im Vergleich zum Herbst 2011<\/p>\n","protected":false},"author":3,"featured_media":0,"comment_status":"open","ping_status":"open","sticky":false,"template":"","format":"standard","meta":{"colormag_page_container_layout":"default_layout","colormag_page_sidebar_layout":"default_layout","footnotes":""},"categories":[5],"tags":[5741],"class_list":["post-69316","post","type-post","status-publish","format-standard","hentry","category-politik-wirtschaft","tag-ihk-nord-konjunkturumfrage-fur-die-maritime-wirtschaft-stimmung-im-fruhjahr-gestiegen-sorge-um-hohe-energiepreise"],"_links":{"self":[{"href":"https:\/\/hier-luebeck.de\/index.php\/wp-json\/wp\/v2\/posts\/69316","targetHints":{"allow":["GET"]}}],"collection":[{"href":"https:\/\/hier-luebeck.de\/index.php\/wp-json\/wp\/v2\/posts"}],"about":[{"href":"https:\/\/hier-luebeck.de\/index.php\/wp-json\/wp\/v2\/types\/post"}],"author":[{"embeddable":true,"href":"https:\/\/hier-luebeck.de\/index.php\/wp-json\/wp\/v2\/users\/3"}],"replies":[{"embeddable":true,"href":"https:\/\/hier-luebeck.de\/index.php\/wp-json\/wp\/v2\/comments?post=69316"}],"version-history":[{"count":1,"href":"https:\/\/hier-luebeck.de\/index.php\/wp-json\/wp\/v2\/posts\/69316\/revisions"}],"predecessor-version":[{"id":69317,"href":"https:\/\/hier-luebeck.de\/index.php\/wp-json\/wp\/v2\/posts\/69316\/revisions\/69317"}],"wp:attachment":[{"href":"https:\/\/hier-luebeck.de\/index.php\/wp-json\/wp\/v2\/media?parent=69316"}],"wp:term":[{"taxonomy":"category","embeddable":true,"href":"https:\/\/hier-luebeck.de\/index.php\/wp-json\/wp\/v2\/categories?post=69316"},{"taxonomy":"post_tag","embeddable":true,"href":"https:\/\/hier-luebeck.de\/index.php\/wp-json\/wp\/v2\/tags?post=69316"}],"curies":[{"name":"wp","href":"https:\/\/api.w.org\/{rel}","templated":true}]}}