{"id":69319,"date":"2012-05-31T15:12:25","date_gmt":"2012-05-31T13:12:25","guid":{"rendered":"http:\/\/www.hier-luebeck.de\/?p=69319"},"modified":"2012-05-31T15:12:25","modified_gmt":"2012-05-31T13:12:25","slug":"saisonstart-sorgt-fur-arbeitsmarktbelebung-glawe-erster-arbeitsmarkt-im-aufwind","status":"publish","type":"post","link":"https:\/\/hier-luebeck.de\/index.php\/saisonstart-sorgt-fur-arbeitsmarktbelebung-glawe-erster-arbeitsmarkt-im-aufwind\/","title":{"rendered":"Saisonstart sorgt f\u00fcr Arbeitsmarktbelebung &#8211; Glawe: Erster Arbeitsmarkt im Aufwind"},"content":{"rendered":"<p>Der Start in die Tourismussaison hat den Arbeitsmarkt in Mecklenburg-Vorpommern weiter belebt. \u201eErfreulich ist die wachsende Zahl sozialversicherungspflichtiger Jobs bei uns im Land\u201c, sagte Wirtschaftsminister Harry Glawe am Donnerstag in Schwerin. Die Zahl der sozialversicherungspflichtigen Jobs liegt aktuell (M\u00e4rz 2012) bei 516.800. Dies sind 6.700 mehr Jobs als im Vorjahresmonat.<!--more-->Insgesamt waren in Mecklenburg-Vorpommern im Mai 2012 nach Angaben der Bundesagentur f\u00fcr Arbeit 99.300 Menschen arbeitslos gemeldet, 6.700 weniger als im Mai des Vorjahres (-6,3 %). Das entspricht aktuell einer Quote von 11,7 Prozent. \u201eLandesweit ist die Arbeitslosigkeit erstmals in einem Mai unter die 100.000-Marke gerutscht\u201c, so Glawe weiter.<\/p>\n<p>\u201eIn den wichtigen Wirtschaftsbereichen entstehen neue Arbeits-pl\u00e4tze. Im Gesundheits- und Sozialwesen (+1.900), im Baugewerbe (+1.500) und auch im Handel (+1.400) suchten und fanden Unternehmer und Personalchefs geeignetes Personal. Es wird auch noch weiter gesucht\u201c, sagte Glawe. Derzeit gibt es 9.300 nicht besetzte sozialversicherungspflichtige Arbeitsstellen.<\/p>\n<p>\u201eDie insgesamt positiven Besch\u00e4ftigungszahlen t\u00e4uschen nicht dar\u00fcber hinweg, dass wir noch eine Menge zu tun haben. Mehr Wertsch\u00f6pfung, die Schaffung wissensbasierter Arbeitspl\u00e4tze und auch die Vernetzung von Zukunftsfeldern bleiben die wichtigen Aufgabenfelder der Wirtschaftspolitik. Nur Jobs auf dem ersten, regul\u00e4ren Arbeitsmarkt sind ein Garant f\u00fcr die Perspektive, hier bei uns im Land zu bleiben. Junge Menschen brauchen Jobangebote nach der Ausbildung. Zudem muss auch das Potential \u00e4lterer Arbeitnehmer noch besser genutzt werden\u201c, betonte Glawe.<\/p>\n<p>Bei der Bundesagentur f\u00fcr Arbeit sind derzeit 5.800 unbesetzte Ausbildungspl\u00e4tze gemeldet, hingegen gibt es noch 3.500 unver-sorgte Bewerber.<\/p>\n","protected":false},"excerpt":{"rendered":"<p>Der Start in die Tourismussaison hat den Arbeitsmarkt in Mecklenburg-Vorpommern weiter belebt. \u201eErfreulich ist die wachsende Zahl sozialversicherungspflichtiger Jobs bei<\/p>\n","protected":false},"author":3,"featured_media":0,"comment_status":"open","ping_status":"open","sticky":false,"template":"","format":"standard","meta":{"colormag_page_container_layout":"default_layout","colormag_page_sidebar_layout":"default_layout","footnotes":""},"categories":[5],"tags":[5742],"class_list":["post-69319","post","type-post","status-publish","format-standard","hentry","category-politik-wirtschaft","tag-saisonstart-sorgt-fur-arbeitsmarktbelebung-glawe-erster-arbeitsmarkt-im-aufwind"],"_links":{"self":[{"href":"https:\/\/hier-luebeck.de\/index.php\/wp-json\/wp\/v2\/posts\/69319","targetHints":{"allow":["GET"]}}],"collection":[{"href":"https:\/\/hier-luebeck.de\/index.php\/wp-json\/wp\/v2\/posts"}],"about":[{"href":"https:\/\/hier-luebeck.de\/index.php\/wp-json\/wp\/v2\/types\/post"}],"author":[{"embeddable":true,"href":"https:\/\/hier-luebeck.de\/index.php\/wp-json\/wp\/v2\/users\/3"}],"replies":[{"embeddable":true,"href":"https:\/\/hier-luebeck.de\/index.php\/wp-json\/wp\/v2\/comments?post=69319"}],"version-history":[{"count":1,"href":"https:\/\/hier-luebeck.de\/index.php\/wp-json\/wp\/v2\/posts\/69319\/revisions"}],"predecessor-version":[{"id":69320,"href":"https:\/\/hier-luebeck.de\/index.php\/wp-json\/wp\/v2\/posts\/69319\/revisions\/69320"}],"wp:attachment":[{"href":"https:\/\/hier-luebeck.de\/index.php\/wp-json\/wp\/v2\/media?parent=69319"}],"wp:term":[{"taxonomy":"category","embeddable":true,"href":"https:\/\/hier-luebeck.de\/index.php\/wp-json\/wp\/v2\/categories?post=69319"},{"taxonomy":"post_tag","embeddable":true,"href":"https:\/\/hier-luebeck.de\/index.php\/wp-json\/wp\/v2\/tags?post=69319"}],"curies":[{"name":"wp","href":"https:\/\/api.w.org\/{rel}","templated":true}]}}