{"id":6933,"date":"2008-08-07T22:34:25","date_gmt":"2008-08-07T22:34:25","guid":{"rendered":"http:\/\/testserver\/wordpress\/?p=6833"},"modified":"2008-08-07T22:34:25","modified_gmt":"2008-08-07T22:34:25","slug":"shmf_traditionelles_festkonzert_der_meisterkurse_in_lbeck","status":"publish","type":"post","link":"https:\/\/hier-luebeck.de\/index.php\/shmf_traditionelles_festkonzert_der_meisterkurse_in_lbeck\/","title":{"rendered":"SHMF: Traditionelles Festkonzert der Meisterkurse in L\u00fcbeck"},"content":{"rendered":"<p><img decoding=\"async\" title=\"SHMF_Logo1\" src=\"http:\/\/www.hier-luebeck.de\/images\/topics\/SHMF_Logo1.jpg\" alt=\"SHMF_Logo1\" \/><br \/>\nMorgen, Sonnabend, 9. August 2008, findet um 17 Uhr das traditionelle Festkonzert der Meisterkurse des Schleswig-Holstein Musik Festivals statt, bei dem Teilnehmer aus mehreren Kursen ihr K\u00f6nnen im Gro\u00dfen Saal der Musikhochschule L\u00fcbeck pr\u00e4sentieren.<\/p>\n<p>Restkarten gibt es unter der Telefonnummer 0451-2037643 oder an der Abendkasse.<\/p>\n<p><!--more-->An diesem Abend werden 11 der insgesamt 19 jungen Musikerinnen und Musiker aus den Kursen von Saschko Gawriloff (Geige) und Lars Anders Tomter (Bratsche) ein abwechslungsreiches Programm auf die B\u00fchne bringen. Das Publikum kann sich auf H\u00f6hepunkte der Kammermusikliteratur freuen: Der Geigennachwuchs bringt den 1. Satz aus Beethovens Violinkonzert, seine Sonate a-Moll und die Romanze G-Dur zu Geh\u00f6r sowie Werke von Prokofieff, Sarasate, Ysa\u00ffe, Wieniawski und Paganini, w\u00e4hrend die jungen Bratscher u.a. die Sonate Es-Dur von Brahms oder Fantasiest\u00fccke von Schumann zum Besten geben.<\/p>\n<p>Saschko Gawriloff z\u00e4hlt zu den wichtigsten deutschen Geigern und P\u00e4dagogen. Die immensen Erfahrungen, die er w\u00e4hrend seiner jahrzehntelangen erfolgreichen Karriere als Solist und Kammermusiker sammeln konnte, gibt er in L\u00fcbeck an 13 Nachwuchsgeiger weiter. <\/p>\n<p>Der norwegische &#8222;Giant of the Nordic Viola&#8220; z\u00e4hlt zu den bedeutendsten Bratschenvirtuosen unserer Tage. Als Solist und Kammermusiker konzertiert Lars Anders Tomter in den wichtigsten Musikzentren und auf den gro\u00dfen Festivals weltweit. Beim Schleswig-Holstein Musik Festival unterrichtet er insgesamt 6 junge Bratscher.<\/p>\n<p>Die Meisterkurse werden durch das gro\u00dfz\u00fcgige Engagement der L\u00fcbecker Possehl-Stiftung sowie der Hamburger ZEIT-Stiftung Ebelin und Gerd Bucerius erm\u00f6glicht. Seit Jahren konnten au\u00dferdem Patenschaften jungen Talenten die Teilnahme an einem Meisterkurs finanzieren und so mancher Karriere zum Start verhelfen.<\/p>\n<p>www.shmf.de\/mk<\/p>\n","protected":false},"excerpt":{"rendered":"<p>Morgen, Sonnabend, 9. August 2008, findet um 17 Uhr das traditionelle Festkonzert der Meisterkurse des Schleswig-Holstein Musik Festivals statt, bei<\/p>\n","protected":false},"author":292,"featured_media":0,"comment_status":"open","ping_status":"open","sticky":false,"template":"","format":"standard","meta":{"colormag_page_container_layout":"default_layout","colormag_page_sidebar_layout":"default_layout","footnotes":""},"categories":[7],"tags":[],"class_list":["post-6933","post","type-post","status-publish","format-standard","hentry","category-wissenschaft"],"_links":{"self":[{"href":"https:\/\/hier-luebeck.de\/index.php\/wp-json\/wp\/v2\/posts\/6933","targetHints":{"allow":["GET"]}}],"collection":[{"href":"https:\/\/hier-luebeck.de\/index.php\/wp-json\/wp\/v2\/posts"}],"about":[{"href":"https:\/\/hier-luebeck.de\/index.php\/wp-json\/wp\/v2\/types\/post"}],"author":[{"embeddable":true,"href":"https:\/\/hier-luebeck.de\/index.php\/wp-json\/wp\/v2\/users\/292"}],"replies":[{"embeddable":true,"href":"https:\/\/hier-luebeck.de\/index.php\/wp-json\/wp\/v2\/comments?post=6933"}],"version-history":[{"count":0,"href":"https:\/\/hier-luebeck.de\/index.php\/wp-json\/wp\/v2\/posts\/6933\/revisions"}],"wp:attachment":[{"href":"https:\/\/hier-luebeck.de\/index.php\/wp-json\/wp\/v2\/media?parent=6933"}],"wp:term":[{"taxonomy":"category","embeddable":true,"href":"https:\/\/hier-luebeck.de\/index.php\/wp-json\/wp\/v2\/categories?post=6933"},{"taxonomy":"post_tag","embeddable":true,"href":"https:\/\/hier-luebeck.de\/index.php\/wp-json\/wp\/v2\/tags?post=6933"}],"curies":[{"name":"wp","href":"https:\/\/api.w.org\/{rel}","templated":true}]}}