{"id":69730,"date":"2012-06-08T12:35:20","date_gmt":"2012-06-08T10:35:20","guid":{"rendered":"http:\/\/www.hier-luebeck.de\/?p=69730"},"modified":"2012-06-08T12:35:20","modified_gmt":"2012-06-08T10:35:20","slug":"forstministerin-rumpf-gratuliert-der-regenbogenschule-in-strohbruck-zum-diesjahrigen-landesschulwaldpreis","status":"publish","type":"post","link":"https:\/\/hier-luebeck.de\/index.php\/forstministerin-rumpf-gratuliert-der-regenbogenschule-in-strohbruck-zum-diesjahrigen-landesschulwaldpreis\/","title":{"rendered":"Forstministerin Rumpf gratuliert der Regenbogenschule in Strohbr\u00fcck zum diesj\u00e4hrigen Landesschulwaldpreis"},"content":{"rendered":"<p><a href=\"http:\/\/www.hier-luebeck.de\/2010\/06\/erstes-jahr-weltnaturerbe-wattenmeer-%e2%80%93-bilanz-von-umweltministerin-juliane-rumpf-ein-groser-gewinn-fur-schleswig-holstein\/dr-juliane-rumpf\/\" rel=\"attachment wp-att-17721\"><img loading=\"lazy\" decoding=\"async\" class=\"alignleft  wp-image-17721\" title=\"Dr. Juliane Rumpf\" src=\"http:\/\/www.hier-luebeck.de\/wp-content\/uploads\/2010\/06\/Dr.-Juliane-Rumpf.jpg\" alt=\"\" width=\"108\" height=\"161\" srcset=\"https:\/\/hier-luebeck.de\/wp-content\/uploads\/2010\/06\/Dr.-Juliane-Rumpf.jpg 335w, https:\/\/hier-luebeck.de\/wp-content\/uploads\/2010\/06\/Dr.-Juliane-Rumpf-214x320.jpg 214w, https:\/\/hier-luebeck.de\/wp-content\/uploads\/2010\/06\/Dr.-Juliane-Rumpf-227x340.jpg 227w\" sizes=\"auto, (max-width: 108px) 100vw, 108px\" \/><\/a>STROHBR\u00dcCK. Hohe Auszeichnung f\u00fcr die Regenbogenschule in Strohbr\u00fcck (Kreis Rendsburg-Eckernf\u00f6rde): Die Grundschule des Amtes Achterwehr erhielt den Landesschulwaldpreis 2012 der Schutzgemeinschaft Deutscher Wald. Der Preis wird traditionell jedes Jahr verliehen, um das Engagement der verantwortlichen Lehrkr\u00e4fte, Eltern sowie Sch\u00fclerinnen und Sch\u00fcler f\u00fcr einen Schulwald auszuzeichnen. <!--more-->Forstministerin Dr. Juliane Rumpf gratulierte der Regenbogenschule zu dieser Ehrung und unterstrich die gro\u00dfe Bedeutung der Schulw\u00e4lder in Schleswig-Holstein. Schulw\u00e4lder seien bereits in der Nachkriegszeit entstanden, um den Sch\u00fclern den Schutz der heimischen W\u00e4lder zu vermitteln. &#8222;&#8220;Bis heute er\u00f6ffnen Schulw\u00e4lder die M\u00f6glichkeit, den Unterrichtsstoff in naturkundlichen F\u00e4chern durch praktische Anschauung und aktives Lernen am konkreten Objekt zu erg\u00e4nzen&#8220;&#8220;, so die Ministerin.<\/p>\n<p>Die Regenbogenschule hat ihren Schulwald 1997 mit \u00fcber 30 verschiedenen Laub- und Nadelb\u00e4umen angelegt. Durch die angrenzenden Knicks entstand eine einzigartige Kulisse mit einer spezifischen Pflanzen- und Tierwelt. Der Schulwald wird erg\u00e4nzt durch einen gro\u00dfen Schulgarten mit Kr\u00e4uter-, Gem\u00fcse- und Blumenbeeten, Obstb\u00e4umen und Beerenstr\u00e4uchern. Die Anlage wurde 2010 durch die Schaffung eines Lehmofens erg\u00e4nzt, zudem gibt es ein &#8222;Gr\u00fcnes Klassenzimmer&#8220;, welches den Unterricht im Freien m\u00f6glich macht. &#8222;&#8220;Hier ergeben sich wunderbare Voraussetzungen f\u00fcr die Nutzung des Schulwaldes im Unterricht&#8220;&#8220;, sagte die Ministerin. &#8222;&#8220;Die Sch\u00fclerinnen und Sch\u00fcler k\u00f6nnen an den B\u00e4umen den Wandel der Jahreszeiten beobachten, sie k\u00f6nnen als junge Naturforscher die gro\u00dfen und kleinen Tierarten und Pflanzen des Waldes entdecken. Und sie bekommen ein Gesp\u00fcr f\u00fcr die \u00f6kologischen Zusammenh\u00e4nge dieses Lebensraums. Dadurch k\u00f6nnen die Kinder und Jugendlichen einen n\u00e4heren Bezug zur Natur und zu ihrer Umwelt erlangen, was gerade in der heutigen Zeit nicht mehr selbstverst\u00e4ndlich ist.&#8220;&#8220;<\/p>\n<p>Bei dem Rundgang durch den Schulwald und Schulgarten wurden der Ministerin verschiedene Vorhaben zur Weiterentwicklung des Areals vorgestellt, unter anderem ein &#8222;F\u00fchlpfad&#8220;, Nisthilfen f\u00fcr V\u00f6gel und Schautafeln. Ministerin Rumpf zeigte sich beeindruckt von dem gro\u00dfen Engagement der Regenbogenschule mit seinen Lehrkr\u00e4ften, Sch\u00fclerinnen und Sch\u00fclern sowie Eltern. &#8222;&#8220;Die Entscheidung der Schutzgemeinschaft Deutscher Wald zur Verleihung des Schulwaldpreises 2012 ist sehr zu begr\u00fc\u00dfen, die Regenbogenschule hat den Preis verdient. Ich bin sicher, dass die Schule die erfolgreiche Schulwaldarbeit zum Nutzen und zur Freude der Sch\u00fclerinnen und Sch\u00fcler fortsetzen wird.&#8220;&#8220;<\/p>\n","protected":false},"excerpt":{"rendered":"<p>STROHBR\u00dcCK. Hohe Auszeichnung f\u00fcr die Regenbogenschule in Strohbr\u00fcck (Kreis Rendsburg-Eckernf\u00f6rde): Die Grundschule des Amtes Achterwehr erhielt den Landesschulwaldpreis 2012 der<\/p>\n","protected":false},"author":3,"featured_media":0,"comment_status":"open","ping_status":"open","sticky":false,"template":"","format":"standard","meta":{"colormag_page_container_layout":"default_layout","colormag_page_sidebar_layout":"default_layout","footnotes":""},"categories":[5],"tags":[5961,5964,5962,5963],"class_list":["post-69730","post","type-post","status-publish","format-standard","hentry","category-politik-wirtschaft","tag-forstministerin-rumpf","tag-landesschulwaldpreis","tag-regenbogenschule","tag-strohbruck"],"_links":{"self":[{"href":"https:\/\/hier-luebeck.de\/index.php\/wp-json\/wp\/v2\/posts\/69730","targetHints":{"allow":["GET"]}}],"collection":[{"href":"https:\/\/hier-luebeck.de\/index.php\/wp-json\/wp\/v2\/posts"}],"about":[{"href":"https:\/\/hier-luebeck.de\/index.php\/wp-json\/wp\/v2\/types\/post"}],"author":[{"embeddable":true,"href":"https:\/\/hier-luebeck.de\/index.php\/wp-json\/wp\/v2\/users\/3"}],"replies":[{"embeddable":true,"href":"https:\/\/hier-luebeck.de\/index.php\/wp-json\/wp\/v2\/comments?post=69730"}],"version-history":[{"count":2,"href":"https:\/\/hier-luebeck.de\/index.php\/wp-json\/wp\/v2\/posts\/69730\/revisions"}],"predecessor-version":[{"id":69732,"href":"https:\/\/hier-luebeck.de\/index.php\/wp-json\/wp\/v2\/posts\/69730\/revisions\/69732"}],"wp:attachment":[{"href":"https:\/\/hier-luebeck.de\/index.php\/wp-json\/wp\/v2\/media?parent=69730"}],"wp:term":[{"taxonomy":"category","embeddable":true,"href":"https:\/\/hier-luebeck.de\/index.php\/wp-json\/wp\/v2\/categories?post=69730"},{"taxonomy":"post_tag","embeddable":true,"href":"https:\/\/hier-luebeck.de\/index.php\/wp-json\/wp\/v2\/tags?post=69730"}],"curies":[{"name":"wp","href":"https:\/\/api.w.org\/{rel}","templated":true}]}}