{"id":69733,"date":"2012-06-08T12:36:50","date_gmt":"2012-06-08T10:36:50","guid":{"rendered":"http:\/\/www.hier-luebeck.de\/?p=69733"},"modified":"2012-06-08T12:36:50","modified_gmt":"2012-06-08T10:36:50","slug":"beflaggung-zum-schleswig-holstein-tag-in-norderstedt","status":"publish","type":"post","link":"https:\/\/hier-luebeck.de\/index.php\/beflaggung-zum-schleswig-holstein-tag-in-norderstedt\/","title":{"rendered":"Beflaggung zum Schleswig-Holstein-Tag in Norderstedt"},"content":{"rendered":"<p>Von Freitag bis einschlie\u00dflich Sonntag wehen an allen Dienstgeb\u00e4uden des Landes die Flaggen. Der Anlass f\u00fcr die vom Innenministerium angeordnete Beflaggung ist der Schleswig-Holstein-Tag 2012 vom 8. bis 10. Juni in Norderstedt (Kreis Segeberg). Das Innenministerium hat den Kreisen, St\u00e4dten, Gemeinden und \u00c4mtern empfohlen, ihre Dienstgeb\u00e4ude ebenfalls zu beflaggen.<\/p>\n","protected":false},"excerpt":{"rendered":"<p>Von Freitag bis einschlie\u00dflich Sonntag wehen an allen Dienstgeb\u00e4uden des Landes die Flaggen. Der Anlass f\u00fcr die vom Innenministerium angeordnete<\/p>\n","protected":false},"author":3,"featured_media":0,"comment_status":"open","ping_status":"open","sticky":false,"template":"","format":"standard","meta":{"colormag_page_container_layout":"default_layout","colormag_page_sidebar_layout":"default_layout","footnotes":""},"categories":[14],"tags":[5965,575,5966],"class_list":["post-69733","post","type-post","status-publish","format-standard","hentry","category-tipps-informationen","tag-beflaggung","tag-norderstedt","tag-schleswig-holstein-tag"],"_links":{"self":[{"href":"https:\/\/hier-luebeck.de\/index.php\/wp-json\/wp\/v2\/posts\/69733","targetHints":{"allow":["GET"]}}],"collection":[{"href":"https:\/\/hier-luebeck.de\/index.php\/wp-json\/wp\/v2\/posts"}],"about":[{"href":"https:\/\/hier-luebeck.de\/index.php\/wp-json\/wp\/v2\/types\/post"}],"author":[{"embeddable":true,"href":"https:\/\/hier-luebeck.de\/index.php\/wp-json\/wp\/v2\/users\/3"}],"replies":[{"embeddable":true,"href":"https:\/\/hier-luebeck.de\/index.php\/wp-json\/wp\/v2\/comments?post=69733"}],"version-history":[{"count":1,"href":"https:\/\/hier-luebeck.de\/index.php\/wp-json\/wp\/v2\/posts\/69733\/revisions"}],"predecessor-version":[{"id":69734,"href":"https:\/\/hier-luebeck.de\/index.php\/wp-json\/wp\/v2\/posts\/69733\/revisions\/69734"}],"wp:attachment":[{"href":"https:\/\/hier-luebeck.de\/index.php\/wp-json\/wp\/v2\/media?parent=69733"}],"wp:term":[{"taxonomy":"category","embeddable":true,"href":"https:\/\/hier-luebeck.de\/index.php\/wp-json\/wp\/v2\/categories?post=69733"},{"taxonomy":"post_tag","embeddable":true,"href":"https:\/\/hier-luebeck.de\/index.php\/wp-json\/wp\/v2\/tags?post=69733"}],"curies":[{"name":"wp","href":"https:\/\/api.w.org\/{rel}","templated":true}]}}