{"id":69753,"date":"2012-06-08T22:47:14","date_gmt":"2012-06-08T20:47:14","guid":{"rendered":"http:\/\/www.hier-luebeck.de\/?p=69753"},"modified":"2012-06-08T22:47:14","modified_gmt":"2012-06-08T20:47:14","slug":"schengen-einschrankungen-ein-ruckschritt-fur-europa","status":"publish","type":"post","link":"https:\/\/hier-luebeck.de\/index.php\/schengen-einschrankungen-ein-ruckschritt-fur-europa\/","title":{"rendered":"Schengen-Einschr\u00e4nkungen: Ein R\u00fcckschritt f\u00fcr Europa"},"content":{"rendered":"<div><span style=\"font-family: Verdana;\">Die Junge Union (JU) Hamburg und Schleswig-Holstein kritisieren die angestrebte Reform des Schengen-Abkommens, nach der es zuk\u00fcnftig m\u00f6glich sein soll, die Reisefreiheit zwischen den Mitgliedsstaaten bis zu zwei Jahre einzuschr\u00e4nken. Dies ist ein R\u00fcckschritt im europ\u00e4ischen Einigungsprozess und widerspricht dem Grundgedanken des freien Binnenmarktes.<!--more-->Dazu Carsten Ovens und Frederik Heinz, Landesvorsitzende der JU Hamburg bzw. JU Schleswig-Holstein: &#8222;Europa muss gerade in der Krise enger zusammenwachsen. Dies ist nicht nur die Vision der Gr\u00fcnderv\u00e4ter gewesen, es ist auch Ziel und Wunsch der jungen Generation Europas. Einschr\u00e4nkungen der Reisefreiheit zwischen Deutschland und Polen darf es genau so wenig geben wie zwischen Hamburg und Schleswig-Holstein.&#8220;<\/span><\/div>\n<div><\/div>\n<div><span style=\"font-family: Verdana;\">Zuk\u00fcnftig soll den Schengen-Mitgliedern die M\u00f6glichkeit gegeben sein, aufgrund der &#8222;\u00f6ffentlichen Ordnung und der inneren Sicherheit&#8220; bis zu zwei Jahre dauerhafte Passkontrollen an den Grenzen durchzuf\u00fchren. Dieser neue Notfallmechanismus geht weit \u00fcber bereits bestehende Ausnahmeregelungen hinaus. Damit wird das Ziel eines vereinten Europas konterkariert, die Reisefreiheit unn\u00f6tig eingeschr\u00e4nkt.<\/span><\/div>\n<div><\/div>\n<div><span style=\"font-family: Verdana;\">&#8222;Die Europ\u00e4ische Union sollte sich lieber um eine gemeinsame Au\u00dfen- und Sicherheitspolitik bem\u00fchen, beispielsweise in Fragen der Asyl- und Fl\u00fcchtlingspolitik, anstatt in die Zeiten von nationalen Grenzkontrollen zwischen Mitgliedsstaaten zur\u00fcckzufallen&#8220;, fordern die norddeutschen JU-Landesvorsitzenden Ovens und Heinz gemeinsam.<\/span><\/div>\n","protected":false},"excerpt":{"rendered":"<p>Die Junge Union (JU) Hamburg und Schleswig-Holstein kritisieren die angestrebte Reform des Schengen-Abkommens, nach der es zuk\u00fcnftig m\u00f6glich sein soll,<\/p>\n","protected":false},"author":3,"featured_media":0,"comment_status":"open","ping_status":"open","sticky":false,"template":"","format":"standard","meta":{"colormag_page_container_layout":"default_layout","colormag_page_sidebar_layout":"default_layout","footnotes":""},"categories":[5],"tags":[5983],"class_list":["post-69753","post","type-post","status-publish","format-standard","hentry","category-politik-wirtschaft","tag-schengen-einschrankungen-ein-ruckschritt-fur-europa"],"_links":{"self":[{"href":"https:\/\/hier-luebeck.de\/index.php\/wp-json\/wp\/v2\/posts\/69753","targetHints":{"allow":["GET"]}}],"collection":[{"href":"https:\/\/hier-luebeck.de\/index.php\/wp-json\/wp\/v2\/posts"}],"about":[{"href":"https:\/\/hier-luebeck.de\/index.php\/wp-json\/wp\/v2\/types\/post"}],"author":[{"embeddable":true,"href":"https:\/\/hier-luebeck.de\/index.php\/wp-json\/wp\/v2\/users\/3"}],"replies":[{"embeddable":true,"href":"https:\/\/hier-luebeck.de\/index.php\/wp-json\/wp\/v2\/comments?post=69753"}],"version-history":[{"count":1,"href":"https:\/\/hier-luebeck.de\/index.php\/wp-json\/wp\/v2\/posts\/69753\/revisions"}],"predecessor-version":[{"id":69754,"href":"https:\/\/hier-luebeck.de\/index.php\/wp-json\/wp\/v2\/posts\/69753\/revisions\/69754"}],"wp:attachment":[{"href":"https:\/\/hier-luebeck.de\/index.php\/wp-json\/wp\/v2\/media?parent=69753"}],"wp:term":[{"taxonomy":"category","embeddable":true,"href":"https:\/\/hier-luebeck.de\/index.php\/wp-json\/wp\/v2\/categories?post=69753"},{"taxonomy":"post_tag","embeddable":true,"href":"https:\/\/hier-luebeck.de\/index.php\/wp-json\/wp\/v2\/tags?post=69753"}],"curies":[{"name":"wp","href":"https:\/\/api.w.org\/{rel}","templated":true}]}}