{"id":69972,"date":"2012-06-14T13:02:41","date_gmt":"2012-06-14T11:02:41","guid":{"rendered":"http:\/\/www.hier-luebeck.de\/?p=69972"},"modified":"2012-06-14T13:02:41","modified_gmt":"2012-06-14T11:02:41","slug":"hansestadt-lubeck-sucht-behindertenbeauftragten","status":"publish","type":"post","link":"https:\/\/hier-luebeck.de\/index.php\/hansestadt-lubeck-sucht-behindertenbeauftragten\/","title":{"rendered":"Hansestadt L\u00fcbeck sucht Behindertenbeauftragten"},"content":{"rendered":"<p>Posten des ehrenamtlichen Behindertenbeauftragten und Stellvertreters zu besetzen<\/p>\n<p>Erneut ist in der Hansestadt L\u00fcbeck der Posten des ehrenamtlichen Behindertenbeauftragten und des ehrenamtlichen stellvertretenden Behindertenbeauftragten zu besetzen.<\/p>\n<p>Voraussetzungen f\u00fcr eine Bewerbung sind:<!--more--><\/p>\n<p>Bewerber m\u00fcssen ihren ersten Wohnsitz in L\u00fcbeck haben<br \/>\nSie m\u00fcssen selbst behindert sein oder \u00fcber langj\u00e4hrige Erfahrung mit Menschen mit Behinderung verf\u00fcgen<br \/>\nSie d\u00fcrfen nicht bei der Hansestadt L\u00fcbeck besch\u00e4ftigt sein<br \/>\nBewerber d\u00fcrfen auch kein Mitglied der B\u00fcrgerschaft oder der Aussch\u00fcsse sein<\/p>\n<p>Das Auswahlverfahren erfolgt nach Bewerbungsende durch die sozialpolitischen Sprecher der B\u00fcrgerschaftsfraktionen und den Mitgliedern des Behindertenrates in einer nicht\u00f6ffentlichen Sitzung.<\/p>\n<p>Interessenten k\u00f6nnen bis zum 9. Juli 2012 ihre schriftliche Bewerbung an die Hansestadt L\u00fcbeck, Fachbereich 2 Wirtschaft und Soziales, Bereich Soziale Sicherung, z. Hd. von Frau Niemann, Kronsforder Allee 2-6, 23560 L\u00fcbeck, richten. Weitere Informationen sind unter der Rufnummer (0451) 122 \u2013 4412 erh\u00e4ltlich.<\/p>\n","protected":false},"excerpt":{"rendered":"<p>Posten des ehrenamtlichen Behindertenbeauftragten und Stellvertreters zu besetzen Erneut ist in der Hansestadt L\u00fcbeck der Posten des ehrenamtlichen Behindertenbeauftragten und<\/p>\n","protected":false},"author":3,"featured_media":0,"comment_status":"open","ping_status":"open","sticky":false,"template":"","format":"standard","meta":{"colormag_page_container_layout":"default_layout","colormag_page_sidebar_layout":"default_layout","footnotes":""},"categories":[14],"tags":[6095,1991],"class_list":["post-69972","post","type-post","status-publish","format-standard","hentry","category-tipps-informationen","tag-behindertenbeauftragten","tag-hansestadt-lubeck"],"_links":{"self":[{"href":"https:\/\/hier-luebeck.de\/index.php\/wp-json\/wp\/v2\/posts\/69972","targetHints":{"allow":["GET"]}}],"collection":[{"href":"https:\/\/hier-luebeck.de\/index.php\/wp-json\/wp\/v2\/posts"}],"about":[{"href":"https:\/\/hier-luebeck.de\/index.php\/wp-json\/wp\/v2\/types\/post"}],"author":[{"embeddable":true,"href":"https:\/\/hier-luebeck.de\/index.php\/wp-json\/wp\/v2\/users\/3"}],"replies":[{"embeddable":true,"href":"https:\/\/hier-luebeck.de\/index.php\/wp-json\/wp\/v2\/comments?post=69972"}],"version-history":[{"count":1,"href":"https:\/\/hier-luebeck.de\/index.php\/wp-json\/wp\/v2\/posts\/69972\/revisions"}],"predecessor-version":[{"id":69973,"href":"https:\/\/hier-luebeck.de\/index.php\/wp-json\/wp\/v2\/posts\/69972\/revisions\/69973"}],"wp:attachment":[{"href":"https:\/\/hier-luebeck.de\/index.php\/wp-json\/wp\/v2\/media?parent=69972"}],"wp:term":[{"taxonomy":"category","embeddable":true,"href":"https:\/\/hier-luebeck.de\/index.php\/wp-json\/wp\/v2\/categories?post=69972"},{"taxonomy":"post_tag","embeddable":true,"href":"https:\/\/hier-luebeck.de\/index.php\/wp-json\/wp\/v2\/tags?post=69972"}],"curies":[{"name":"wp","href":"https:\/\/api.w.org\/{rel}","templated":true}]}}