{"id":69979,"date":"2012-06-14T13:09:26","date_gmt":"2012-06-14T11:09:26","guid":{"rendered":"http:\/\/www.hier-luebeck.de\/?p=69979"},"modified":"2012-06-14T13:09:26","modified_gmt":"2012-06-14T11:09:26","slug":"sozialministerin-alheit-zum-sozialen-tag-schulerinnen-und-schuler-sind-mit-ihrem-engagement-vorbild-fur-unsere-gesamte-gesellschaft","status":"publish","type":"post","link":"https:\/\/hier-luebeck.de\/index.php\/sozialministerin-alheit-zum-sozialen-tag-schulerinnen-und-schuler-sind-mit-ihrem-engagement-vorbild-fur-unsere-gesamte-gesellschaft\/","title":{"rendered":"Sozialministerin Alheit zum Sozialen Tag: Sch\u00fclerinnen und Sch\u00fcler sind mit ihrem Engagement Vorbild f\u00fcr unsere gesamte Gesellschaft"},"content":{"rendered":"<p>KIEL\/NEUM\u00dcNSTER. Am heutigen (14.6.) Donnerstag findet bundesweit der Soziale Tag statt. Etwa achtzigtausend Sch\u00fclerinnen und Sch\u00fcler tauschen am Sozialen Tag ihre Schulbank gegen einen Arbeitsplatz und spenden ihren Lohn f\u00fcr Hilfsprojekte in S\u00fcdosteuropa. Alleine in Schleswig-Holstein nehmen rund 350 Schulen mit etwa 30.000 Jugendlichen teil. Organisiert wird der soziale Tag von der Jugendorganisation \u201eSch\u00fcler helfen leben\u201c in Neum\u00fcnster. Auch im Kieler Sozialministerium arbeiten f\u00fcnf Sch\u00fclerinnen, finanziert mit Hilfe von Spenden von Mitarbeiterinnen und Mitarbeitern.<!--more--><\/p>\n<p>Sozialministerin Kristin Alheit betonte anl\u00e4sslich des Sozialen Tages: \u201e&#8220;Mein herzlicher Dank gilt allen beteiligten Sch\u00fclerinnen und Sch\u00fclern. Sie sind Vorbild f\u00fcr Mitsch\u00fcler und f\u00fcr unsere gesamte Gesellschaft. Sich f\u00fcr andere zu engagieren geh\u00f6rt zur Basis eines sozialen Zusammenlebens. Dass in Schleswig-Holstein junge Menschen so viel Engagement zeigen, macht Mut. Davon werden nicht nur Jugendliche in S\u00fcdosteuropa profitieren, der freiwillige Einsatz ist auch f\u00fcr jeden einzelnen Teilnehmer ein gro\u00dfer Gewinn. Er verdeutlicht: Engagement lohnt sich, jede und jeder kann etwas bewirken&#8220;.\u201c<\/p>\n<p>N\u00e4here Info zum Projekt: www.schueler-helfen-leben.de<\/p>\n","protected":false},"excerpt":{"rendered":"<p>KIEL\/NEUM\u00dcNSTER. Am heutigen (14.6.) Donnerstag findet bundesweit der Soziale Tag statt. Etwa achtzigtausend Sch\u00fclerinnen und Sch\u00fcler tauschen am Sozialen Tag<\/p>\n","protected":false},"author":3,"featured_media":0,"comment_status":"open","ping_status":"open","sticky":false,"template":"","format":"standard","meta":{"colormag_page_container_layout":"default_layout","colormag_page_sidebar_layout":"default_layout","footnotes":""},"categories":[5],"tags":[2199,3414,696,695,6098,6097,3787],"class_list":["post-69979","post","type-post","status-publish","format-standard","hentry","category-politik-wirtschaft","tag-engagement","tag-gesellschaft","tag-schuler","tag-schulerinnen","tag-sozialen-tag","tag-sozialministerin-alheit","tag-vorbild"],"_links":{"self":[{"href":"https:\/\/hier-luebeck.de\/index.php\/wp-json\/wp\/v2\/posts\/69979","targetHints":{"allow":["GET"]}}],"collection":[{"href":"https:\/\/hier-luebeck.de\/index.php\/wp-json\/wp\/v2\/posts"}],"about":[{"href":"https:\/\/hier-luebeck.de\/index.php\/wp-json\/wp\/v2\/types\/post"}],"author":[{"embeddable":true,"href":"https:\/\/hier-luebeck.de\/index.php\/wp-json\/wp\/v2\/users\/3"}],"replies":[{"embeddable":true,"href":"https:\/\/hier-luebeck.de\/index.php\/wp-json\/wp\/v2\/comments?post=69979"}],"version-history":[{"count":1,"href":"https:\/\/hier-luebeck.de\/index.php\/wp-json\/wp\/v2\/posts\/69979\/revisions"}],"predecessor-version":[{"id":69980,"href":"https:\/\/hier-luebeck.de\/index.php\/wp-json\/wp\/v2\/posts\/69979\/revisions\/69980"}],"wp:attachment":[{"href":"https:\/\/hier-luebeck.de\/index.php\/wp-json\/wp\/v2\/media?parent=69979"}],"wp:term":[{"taxonomy":"category","embeddable":true,"href":"https:\/\/hier-luebeck.de\/index.php\/wp-json\/wp\/v2\/categories?post=69979"},{"taxonomy":"post_tag","embeddable":true,"href":"https:\/\/hier-luebeck.de\/index.php\/wp-json\/wp\/v2\/tags?post=69979"}],"curies":[{"name":"wp","href":"https:\/\/api.w.org\/{rel}","templated":true}]}}