{"id":70237,"date":"2012-06-19T17:39:42","date_gmt":"2012-06-19T15:39:42","guid":{"rendered":"http:\/\/www.hier-luebeck.de\/?p=70237"},"modified":"2012-06-19T17:40:30","modified_gmt":"2012-06-19T15:40:30","slug":"grusbotschaft-des-innenministers-an-die-landespolizei-andreas-breitner-will-vertrauensvollen-dialog-dank-an-amtsvorganger-schlie","status":"publish","type":"post","link":"https:\/\/hier-luebeck.de\/index.php\/grusbotschaft-des-innenministers-an-die-landespolizei-andreas-breitner-will-vertrauensvollen-dialog-dank-an-amtsvorganger-schlie\/","title":{"rendered":"Gru\u00dfbotschaft des Innenministers an die Landespolizei; Andreas Breitner will&#8230;"},"content":{"rendered":"<p><a href=\"http:\/\/www.hier-luebeck.de\/2012\/06\/grusbotschaft-des-innenministers-an-die-landespolizei-andreas-breitner-will-vertrauensvollen-dialog-dank-an-amtsvorganger-schlie\/breitner-andreas\/\" rel=\"attachment wp-att-70238\"><img loading=\"lazy\" decoding=\"async\" class=\"alignleft  wp-image-70238\" title=\"Breitner Andreas\" src=\"http:\/\/www.hier-luebeck.de\/wp-content\/uploads\/2012\/06\/Breitner-Andreas.jpg\" alt=\"\" width=\"233\" height=\"155\" srcset=\"https:\/\/hier-luebeck.de\/wp-content\/uploads\/2012\/06\/Breitner-Andreas.jpg 500w, https:\/\/hier-luebeck.de\/wp-content\/uploads\/2012\/06\/Breitner-Andreas-320x213.jpg 320w\" sizes=\"auto, (max-width: 233px) 100vw, 233px\" \/><\/a>Innenminister Andreas Breitner Breitner<\/p>\n<p>Mit Vertrauen und Offenheit, der Bereitschaft zum Zuh\u00f6ren und zum gemeinsamen Nachdenken will Schleswig-Holsteins Innenminister Andreas Breitner auf die Landespolizei zugehen. \u201e&#8220;Im Dialog mit den Polizeibeamtinnen und Polizeibeamten m\u00f6chte ich die besten L\u00f6sungen f\u00fcr die k\u00fcnftigen Themen der inneren Sicherheit angehen&#8220;\u201c, schreibt Breitner in einer am Dienstag (19. Juni) im polizeiinternen Informationssystem \u201eIntrapol\u201c ver\u00f6ffentlichten Gru\u00dfbotschaft an die Besch\u00e4ftigten der Landespolizei.<!--more--><\/p>\n<p>Die innere Sicherheit und die Interessen der Landespolizei w\u00fcrden auch bei der neuen Landesregierung in verantwortungsvollen H\u00e4nden liegen. In diesem Zusammenhang dankte Breitner seinem Amtsvorg\u00e4nger Klaus Schlie f\u00fcr dessen \u201e&#8220;engagierte und erfolgreiche Arbeit&#8220;\u201c. Klaus Schlie habe auch in der politischen Diskussion immer zu \u201eseiner\u201c Polizei gestanden. Daran wolle er nahtlos ankn\u00fcpfen.<\/p>\n<p>F\u00fcr Breitner ist die Landespolizei keine unbekannte Organisation. Er war selbst einmal Kollege und ist mit einer Polizeibeamtin verheiratet. \u201e&#8220;Deshalb wei\u00df ich&#8220;\u201c, so schreibt Breitner in seinem Gru\u00dfwort weiter, \u201e&#8220;dass die Beamtinnen und Beamten hoch professionell, motiviert und rechtsstaatlich arbeiten&#8220;\u201c. Es gebe allen Grund, der Landespolizei zu vertrauen. Er freue sich auf die zahlreichen Begegnungen in den Dienststellen vor Ort. Seinen Antrittsbesuch bei der Landespolizei macht Breitner demn\u00e4chst bei der Polizeidirektion f\u00fcr Aus- und Fortbildung und f\u00fcr die Bereitschaftspolizei Schleswig-Holstein in Eutin (Kreis Ostholstein).<\/p>\n","protected":false},"excerpt":{"rendered":"<p>Innenminister Andreas Breitner Breitner Mit Vertrauen und Offenheit, der Bereitschaft zum Zuh\u00f6ren und zum gemeinsamen Nachdenken will Schleswig-Holsteins Innenminister Andreas<\/p>\n","protected":false},"author":3,"featured_media":70238,"comment_status":"open","ping_status":"open","sticky":false,"template":"","format":"standard","meta":{"colormag_page_container_layout":"default_layout","colormag_page_sidebar_layout":"default_layout","footnotes":""},"categories":[5],"tags":[6230,6227,6229,6225,6226,1231,6228],"class_list":["post-70237","post","type-post","status-publish","format-standard","has-post-thumbnail","hentry","category-politik-wirtschaft","tag-amtsvorganger-schlie","tag-andreas-breitner","tag-dank","tag-grusbotschaft","tag-innenministers","tag-landespolizei","tag-vertrauensvollen-dialog"],"_links":{"self":[{"href":"https:\/\/hier-luebeck.de\/index.php\/wp-json\/wp\/v2\/posts\/70237","targetHints":{"allow":["GET"]}}],"collection":[{"href":"https:\/\/hier-luebeck.de\/index.php\/wp-json\/wp\/v2\/posts"}],"about":[{"href":"https:\/\/hier-luebeck.de\/index.php\/wp-json\/wp\/v2\/types\/post"}],"author":[{"embeddable":true,"href":"https:\/\/hier-luebeck.de\/index.php\/wp-json\/wp\/v2\/users\/3"}],"replies":[{"embeddable":true,"href":"https:\/\/hier-luebeck.de\/index.php\/wp-json\/wp\/v2\/comments?post=70237"}],"version-history":[{"count":3,"href":"https:\/\/hier-luebeck.de\/index.php\/wp-json\/wp\/v2\/posts\/70237\/revisions"}],"predecessor-version":[{"id":70242,"href":"https:\/\/hier-luebeck.de\/index.php\/wp-json\/wp\/v2\/posts\/70237\/revisions\/70242"}],"wp:featuredmedia":[{"embeddable":true,"href":"https:\/\/hier-luebeck.de\/index.php\/wp-json\/wp\/v2\/media\/70238"}],"wp:attachment":[{"href":"https:\/\/hier-luebeck.de\/index.php\/wp-json\/wp\/v2\/media?parent=70237"}],"wp:term":[{"taxonomy":"category","embeddable":true,"href":"https:\/\/hier-luebeck.de\/index.php\/wp-json\/wp\/v2\/categories?post=70237"},{"taxonomy":"post_tag","embeddable":true,"href":"https:\/\/hier-luebeck.de\/index.php\/wp-json\/wp\/v2\/tags?post=70237"}],"curies":[{"name":"wp","href":"https:\/\/api.w.org\/{rel}","templated":true}]}}