{"id":70243,"date":"2012-06-19T17:45:07","date_gmt":"2012-06-19T15:45:07","guid":{"rendered":"http:\/\/www.hier-luebeck.de\/?p=70243"},"modified":"2012-06-19T17:45:07","modified_gmt":"2012-06-19T15:45:07","slug":"mit-den-ohren-sehen-barrierefrei-durch-die-welt-der-fledermause","status":"publish","type":"post","link":"https:\/\/hier-luebeck.de\/index.php\/mit-den-ohren-sehen-barrierefrei-durch-die-welt-der-fledermause\/","title":{"rendered":"Mit den Ohren sehen \u2013 Barrierefrei durch die Welt der Flederm\u00e4use"},"content":{"rendered":"<p><a href=\"http:\/\/www.hier-luebeck.de\/2012\/06\/mit-den-ohren-sehen-barrierefrei-durch-die-welt-der-fledermause\/fledermaus_copyright-noctalis-bildarchiv\/\" rel=\"attachment wp-att-70244\"><img loading=\"lazy\" decoding=\"async\" class=\"alignleft  wp-image-70244\" title=\"Fledermaus_Copyright Noctalis Bildarchiv\" src=\"http:\/\/www.hier-luebeck.de\/wp-content\/uploads\/2012\/06\/Fledermaus_Copyright-Noctalis-Bildarchiv.jpg\" alt=\"\" width=\"288\" height=\"192\" srcset=\"https:\/\/hier-luebeck.de\/wp-content\/uploads\/2012\/06\/Fledermaus_Copyright-Noctalis-Bildarchiv.jpg 500w, https:\/\/hier-luebeck.de\/wp-content\/uploads\/2012\/06\/Fledermaus_Copyright-Noctalis-Bildarchiv-320x213.jpg 320w\" sizes=\"auto, (max-width: 288px) 100vw, 288px\" \/><\/a>Bildbeschreibung: Copyright: Noctalis Bildarchiv<\/p>\n<p>\u201ewunnerland*\u201c Schleswig-Holstein \u2013 im Land zwischen den Meeren sorgen familienfreundliche Erlebnisangebote f\u00fcr beste Urlaubsstimmung. In Bad Segeberg geht es ab sofort barrierefrei durch die Dunkelheit: Mit einer modernen Ausstellung l\u00e4dt Noctalis in die Welt der Flederm\u00e4use ein. Audioguides, H\u00f6rr\u00e4tsel und viele weitere Angebote bieten hier blinden und sehbehinderten Menschen ein ganz besonderes Erlebnis.Noctalis ist Europas einzige Fledermaus-Erlebnisausstellung und liegt in unmittelbarer N\u00e4he des Segeberger Kalkbergs. www.noctalis.de<!--more--><\/p>\n<p>Flederm\u00e4use sind im Dunkeln unterwegs und orientieren sich am Schall. In der Ausstellung \u201eNoctalis \u2013 Welt der Flederm\u00e4use\u201c wurde diese F\u00e4higkeit jetzt zum Vorbild genommen, um die Ausstellung auch f\u00fcr sehbehinderte und blinde Menschen erlebbar zu machen. An insgesamt 16 Stellen sind Audio-Stationen angebracht, die durch ein dezentes akustisches Signal, den Ruf des gro\u00dfen Abendseglers, gekennzeichnet sind. Per Tastendruck erhalten Sehbehinderte und Blinde Informationen und haben so die M\u00f6glichkeit, sich durch die Ausstellung zu bewegen und die Inhalte zu erfassen oder zu ertasten. Dar\u00fcber hinaus f\u00fchren mobile Audioguide-Ger\u00e4te durch die Ausstellung. \u201eFlederm\u00e4use sehen mit den Ohren\u201c, erl\u00e4utert Dr. Anne Ipsen, Gesch\u00e4ftsf\u00fchrerin der Fledermaus-Welt Noctalis. \u201eDiesen faszinierenden Orientierungssinn haben wir uns zum Vorbild genommen. Das Angebot ist im \u00dcbrigen auch f\u00fcr sehende Menschen eine bereichernde Erfahrung.\u201c Den Audioguide gibt es in deutscher, englischer und d\u00e4nischer Sprache.<\/p>\n<p>Und nicht nur mit akustischen Elementen werden Blinde und Sehbehinderte geleitet: Auf allen Stockwerken ist es m\u00f6glich, sich hindernisfrei an den W\u00e4nden der Ausstellung entlang zu tasten. Braille-Schriftzeichen bieten zudem Orientierungshilfe.<\/p>\n<p>Erst k\u00fcrzlich wurde in Kiel eine Studie zum \u201eBarrierefreien Tourismus in Schleswig-Holstein\u201c beim Fachforum Barrierefreiheit pr\u00e4sentiert. Das n\u00f6rdlichste Bundesland hat demnach auf diesem Gebiet noch Nachholbedarf. \u201eNoctalis \u00fcbernimmt beim Thema Barrierefreiheit eine Vorreiterrolle\u201c, betont daher Christian Schmidt, Gesch\u00e4ftsf\u00fchrer der Tourismus-Agentur Schleswig-Holstein. \u201eWir freuen uns sehr \u00fcber das Engagement und sehen dieses als Vorbild auch f\u00fcr andere Einrichtungen in Schleswig-Holstein.\u201c<\/p>\n<p>Mit einem H\u00f6rr\u00e4tsel die Ger\u00e4usche der Dunkelheit und die Welt der Flederm\u00e4use entdecken<br \/>\nWie unterscheiden sich die Flugger\u00e4usche der verschiedenen Insekten, die eine Fledermaus frisst? Wie nah ist die Beute? Und woran erkennen die Flederm\u00e4use ihre eigene Behausung? Diese und weitere der insgesamt 15 Fragen des neuen H\u00f6rr\u00e4tsels k\u00f6nnen Besucher anhand der Informationen in der Ausstellung beantworten. Die Beantwortung der Fragen dauert etwa 45 Minuten. Das H\u00f6rr\u00e4tsel eignet sich auch f\u00fcr Familien und Gruppen, die die R\u00e4tselfragen gemeinsam l\u00f6sen m\u00f6chten.<\/p>\n<p>Noctalis \u2013 Welt der Flederm\u00e4use<br \/>\nVon der Winterschlaf-Etage \u00fcber die Baumh\u00f6hle bis zu den lebendigen Flederm\u00e4usen \u2013 der Rundgang durch die Ausstellung ist ein wahres Erlebnis. Highlight der Ausstellung ist das zahme Riesenflughund-Weibchen Foxi. Dar\u00fcber hinaus sind unter anderem ein munterer Schwarm Brillenblattnasen sowie fruchtfressende Flederm\u00e4use aus den Tropen S\u00fcd-Amerikas zu sehen. Spannung und Freude stehen \u00fcberall im Vordergrund, Spezialwissen findet sich in Experten-Terminals. Die Ausstellung im Noctalis ist besonders kinder- und familienfreundlich und daher von der Tourismus-Agentur Schleswig-Holstein als \u201ewunnerland*\u201c-Partner zertifiziert.<\/p>\n<p>Mehr Informationen zu Noctalis erhalten Interessierte telefonisch unter 04551\/80820 sowie im Internet unter www.noctalis.de.<\/p>\n","protected":false},"excerpt":{"rendered":"<p>Bildbeschreibung: Copyright: Noctalis Bildarchiv \u201ewunnerland*\u201c Schleswig-Holstein \u2013 im Land zwischen den Meeren sorgen familienfreundliche Erlebnisangebote f\u00fcr beste Urlaubsstimmung. In Bad<\/p>\n","protected":false},"author":3,"featured_media":70244,"comment_status":"open","ping_status":"open","sticky":false,"template":"","format":"standard","meta":{"colormag_page_container_layout":"default_layout","colormag_page_sidebar_layout":"default_layout","footnotes":""},"categories":[13],"tags":[6231],"class_list":["post-70243","post","type-post","status-publish","format-standard","has-post-thumbnail","hentry","category-veranstaltungen","tag-mit-den-ohren-sehen-barrierefrei-durch-die-welt-der-fledermause"],"_links":{"self":[{"href":"https:\/\/hier-luebeck.de\/index.php\/wp-json\/wp\/v2\/posts\/70243","targetHints":{"allow":["GET"]}}],"collection":[{"href":"https:\/\/hier-luebeck.de\/index.php\/wp-json\/wp\/v2\/posts"}],"about":[{"href":"https:\/\/hier-luebeck.de\/index.php\/wp-json\/wp\/v2\/types\/post"}],"author":[{"embeddable":true,"href":"https:\/\/hier-luebeck.de\/index.php\/wp-json\/wp\/v2\/users\/3"}],"replies":[{"embeddable":true,"href":"https:\/\/hier-luebeck.de\/index.php\/wp-json\/wp\/v2\/comments?post=70243"}],"version-history":[{"count":2,"href":"https:\/\/hier-luebeck.de\/index.php\/wp-json\/wp\/v2\/posts\/70243\/revisions"}],"predecessor-version":[{"id":70246,"href":"https:\/\/hier-luebeck.de\/index.php\/wp-json\/wp\/v2\/posts\/70243\/revisions\/70246"}],"wp:featuredmedia":[{"embeddable":true,"href":"https:\/\/hier-luebeck.de\/index.php\/wp-json\/wp\/v2\/media\/70244"}],"wp:attachment":[{"href":"https:\/\/hier-luebeck.de\/index.php\/wp-json\/wp\/v2\/media?parent=70243"}],"wp:term":[{"taxonomy":"category","embeddable":true,"href":"https:\/\/hier-luebeck.de\/index.php\/wp-json\/wp\/v2\/categories?post=70243"},{"taxonomy":"post_tag","embeddable":true,"href":"https:\/\/hier-luebeck.de\/index.php\/wp-json\/wp\/v2\/tags?post=70243"}],"curies":[{"name":"wp","href":"https:\/\/api.w.org\/{rel}","templated":true}]}}