{"id":72659,"date":"2012-08-30T12:36:07","date_gmt":"2012-08-30T10:36:07","guid":{"rendered":"http:\/\/www.hier-luebeck.de\/?p=72659"},"modified":"2012-08-30T12:39:37","modified_gmt":"2012-08-30T10:39:37","slug":"fahrzeug-prallt-gegen-baum-und-verkeilt-sich-anschliesend-im-wesloer-weg-am-baum","status":"publish","type":"post","link":"https:\/\/hier-luebeck.de\/index.php\/fahrzeug-prallt-gegen-baum-und-verkeilt-sich-anschliesend-im-wesloer-weg-am-baum\/","title":{"rendered":"Fahrzeug prallt gegen Baum und verkeilt sich anschlie\u00dfend im Wesloer Weg am Baum"},"content":{"rendered":"<p><a href=\"http:\/\/www.hier-luebeck.de\/2012\/08\/fahrzeug-prallt-gegen-baum-und-verkeilt-sich-anschliesend-im-wesloer-weg-am-baum\/tbf290812-unfall_02\/\" rel=\"attachment wp-att-72661\"><img loading=\"lazy\" decoding=\"async\" class=\" wp-image-72661 alignright\" title=\"tbf290812-Unfall_02\" src=\"http:\/\/www.hier-luebeck.de\/wp-content\/uploads\/2012\/08\/tbf290812-Unfall_02.jpg\" alt=\"\" width=\"399\" height=\"265\" srcset=\"https:\/\/hier-luebeck.de\/wp-content\/uploads\/2012\/08\/tbf290812-Unfall_02.jpg 500w, https:\/\/hier-luebeck.de\/wp-content\/uploads\/2012\/08\/tbf290812-Unfall_02-320x212.jpg 320w\" sizes=\"auto, (max-width: 399px) 100vw, 399px\" \/><\/a><strong>Foto: TBF\/Holger Kr\u00f6ger<\/strong> &#8211; L\u00fcbeck (ots) &#8211; Am Mittwoch, 29. August 2012, wurde eine Autofahrerin bei einem Unfall in L\u00fcbeck schwer verletzt. Sie verursachte den Unfall allein, andere wurden nicht verletzt. Gegen 19:00 Uhr wurde der Unfall der L\u00fcbecker Polizei gemeldet. Vom Wesloer Weg kommend wollte die Fahrerin eines roten Seats an der dortigen Ampel stadteinw\u00e4rts nach links in die Wesloer Landstra\u00dfe einbiegen. Es kann nicht ausgeschlossen werden, dass die Frau ihren Pkw mit zu hoher Geschwindigkeit in die Kurve lenkte, als sie nach rechts heraus getragen wurde und von der Fahrbahn abkam. <!--more-->Sie verlor die Kontrolle \u00fcber ihr Auto und fuhr zun\u00e4chst \u00fcber eine Bankette. W\u00e4hrend der Pkw einen ersten Baum nur streifte, stoppte ein n\u00e4chster die Fahrt. Es kam zu einem Frontalzusammensto\u00df. Die Fahrerin verletzte sich bei dem Unfall schwer und kam mit Frakturen und diversen Prellungen in die L\u00fcbecker Universit\u00e4tsklinik, wo sie station\u00e4r aufgenommen wurde. Das Unfallfahrzeug erlitt Totalschaden und war unter anderem bis zur Mitte der Motorhaube eingedellt. Es musste abgeschleppt werden. Das 3. Polizeirevier L\u00fcbeck f\u00fchrt die Ermittlungen.<a href=\"http:\/\/www.hier-luebeck.de\/2012\/08\/fahrzeug-prallt-gegen-baum-und-verkeilt-sich-anschliesend-im-wesloer-weg-am-baum\/tbf290812-unfall\/\" rel=\"attachment wp-att-72660\"><img loading=\"lazy\" decoding=\"async\" class=\"alignnone size-full wp-image-72660\" title=\"tbf290812-Unfall\" src=\"http:\/\/www.hier-luebeck.de\/wp-content\/uploads\/2012\/08\/tbf290812-Unfall.jpg\" alt=\"\" width=\"500\" height=\"332\" srcset=\"https:\/\/hier-luebeck.de\/wp-content\/uploads\/2012\/08\/tbf290812-Unfall.jpg 500w, https:\/\/hier-luebeck.de\/wp-content\/uploads\/2012\/08\/tbf290812-Unfall-320x212.jpg 320w\" sizes=\"auto, (max-width: 500px) 100vw, 500px\" \/><\/a><\/p>\n","protected":false},"excerpt":{"rendered":"<p>Foto: TBF\/Holger Kr\u00f6ger &#8211; L\u00fcbeck (ots) &#8211; Am Mittwoch, 29. August 2012, wurde eine Autofahrerin bei einem Unfall in L\u00fcbeck<\/p>\n","protected":false},"author":3,"featured_media":72661,"comment_status":"open","ping_status":"open","sticky":false,"template":"","format":"standard","meta":{"colormag_page_container_layout":"default_layout","colormag_page_sidebar_layout":"default_layout","footnotes":""},"categories":[5],"tags":[7738],"class_list":["post-72659","post","type-post","status-publish","format-standard","has-post-thumbnail","hentry","category-politik-wirtschaft","tag-fahrzeug-prallt-gegen-baum-und-verkeilt-sich-anschliesend"],"_links":{"self":[{"href":"https:\/\/hier-luebeck.de\/index.php\/wp-json\/wp\/v2\/posts\/72659","targetHints":{"allow":["GET"]}}],"collection":[{"href":"https:\/\/hier-luebeck.de\/index.php\/wp-json\/wp\/v2\/posts"}],"about":[{"href":"https:\/\/hier-luebeck.de\/index.php\/wp-json\/wp\/v2\/types\/post"}],"author":[{"embeddable":true,"href":"https:\/\/hier-luebeck.de\/index.php\/wp-json\/wp\/v2\/users\/3"}],"replies":[{"embeddable":true,"href":"https:\/\/hier-luebeck.de\/index.php\/wp-json\/wp\/v2\/comments?post=72659"}],"version-history":[{"count":3,"href":"https:\/\/hier-luebeck.de\/index.php\/wp-json\/wp\/v2\/posts\/72659\/revisions"}],"predecessor-version":[{"id":72665,"href":"https:\/\/hier-luebeck.de\/index.php\/wp-json\/wp\/v2\/posts\/72659\/revisions\/72665"}],"wp:featuredmedia":[{"embeddable":true,"href":"https:\/\/hier-luebeck.de\/index.php\/wp-json\/wp\/v2\/media\/72661"}],"wp:attachment":[{"href":"https:\/\/hier-luebeck.de\/index.php\/wp-json\/wp\/v2\/media?parent=72659"}],"wp:term":[{"taxonomy":"category","embeddable":true,"href":"https:\/\/hier-luebeck.de\/index.php\/wp-json\/wp\/v2\/categories?post=72659"},{"taxonomy":"post_tag","embeddable":true,"href":"https:\/\/hier-luebeck.de\/index.php\/wp-json\/wp\/v2\/tags?post=72659"}],"curies":[{"name":"wp","href":"https:\/\/api.w.org\/{rel}","templated":true}]}}