{"id":72993,"date":"2012-08-30T12:32:36","date_gmt":"2012-08-30T12:32:36","guid":{"rendered":"http:\/\/www.hier-luebeck.de\/2012\/08\/fw-od-presseeinladung1-brandschutzbereitschaft-stormarn-simuliert-flugunfall-in-putlos\/"},"modified":"2012-08-30T12:32:36","modified_gmt":"2012-08-30T12:32:36","slug":"fw-od-presseeinladung1-brandschutzbereitschaft-stormarn-simuliert-flugunfall-in-putlos","status":"publish","type":"post","link":"https:\/\/hier-luebeck.de\/index.php\/fw-od-presseeinladung1-brandschutzbereitschaft-stormarn-simuliert-flugunfall-in-putlos\/","title":{"rendered":"FW-OD: Presseeinladung\n\n1.Brandschutzbereitschaft Stormarn simuliert Flugunfall in Putlos"},"content":{"rendered":"<p><img decoding=\"async\" class=\"alignleft size-full\" title=\"Die Technische Einsatzleitung des Kreises Stormarn (TEL) wird w\u00e4hrend der Gro\u00df\u00fcbung in Putlos f\u00fcr die reibungslose Kommunikation zwischen den Einsatzkr\u00e4ften sorgen.\n(Foto: KFV-Stormarn O. Heydasch)\" src=\"http:\/\/www.presseportal.de\/bild\/225709-preview-pressemitteilung-technischeeinsatzleitungstormarntel062.jpg\" \/><\/p>\n<p>Travenbr\u00fcck (ots) &#8211; Die 1. Brandschutzbereitschaft des Kreises  Stormarn wird am kommenden  Wochenende (Samstag, 1. und Sonntag, 2.  September) zu einer Gro\u00df\u00fcbung auf den Standort\u00fcbungsplatz Putlos in  Ostholstein ausr\u00fccken.     Teilnehmen an der \u00dcbung werden mehr als 200 Einsatzkr\u00e4fte der  Feuerwehren aus dem Kreis Stormarn.<!--more--> Hinzu kommen die Technische  Einsatzleitung  Stormarn (TEL), ein Zug des Technischen Hilfswerks  Bad Oldesloe, die Einsatzleitung Soziale Versorgung und die 1. und 2. Betreuungsgruppe des Deutschen Roten Kreuzes Reinbek und Reinfeld,  der Arbeitersamariterbund mit Krankentransportfahrzeugen sowie  zahlreiche Verletzten-Darsteller des DRK Ostholstein. Au\u00dferdem wird  der Flugdienst der Kreisfeuerwehrverb\u00e4nde Bad Segeberg\/Stormarn in  die \u00dcbung eingebunden. Simuliert wird ein Flugunfall \u00fcber l\u00e4ndlicher  Region mit zahlreichen Verletzten, wobei sich die Absturzstelle  gro\u00dffl\u00e4chig darstellt. Von der Katastrophe betroffen sind auch  verschiedene Geb\u00e4ude, die durch herabst\u00fcrzende Flugzeugtr\u00fcmmer  besch\u00e4digt und\/oder in Brand geraten sind. W\u00e4hrend der \u00dcbung werden  die Einsatzkr\u00e4fte vom Feuerwehr-Flugdienst mit Lageberichten aus der  Luft versorgt. &#8222;Entsprechend der Meldungen der Flugbeobachter werden  die Einsatzkr\u00e4fte die Schadenslage abarbeiten&#8220;,  erl\u00e4utert Albert  Iken, F\u00fchrer der 1. Brandschutzbereitschaft, die Einsatztaktik.  &#8222;Damit f\u00fcr die Einsatzkr\u00e4fte alles realistisch wirkt, sind vom THW  Pyrotechniker und vom DRK und Jugendfeuerwehr Mimen-Darsteller mit  dabei&#8220;, sagt \u00dcbungsleiter Wolfgang Schramm. Zusammen mit seinen  Kameradinnen und  Kameraden von der Feuerwehr Bargteheide hat er das  \u00dcbungs-Szenario ausgearbeitet. Sinn der \u00dcbung ist unter anderem, dass die F\u00fchrungskr\u00e4fte &#8211; insbesondere die Bereitschaftsf\u00fchrung &#8211; mit den  Zugf\u00fchrern \u00fcber Funk kommunizieren, entsprechend der Einsatzlage die  Befehle aufnehmen und diese entsprechend der  Feuerwehrdienstvorschrift umsetzen. Weiterhin soll der Umgang mit  feuerwehrspezifischen Rettungsger\u00e4t sowie der Einsatz und Umgang mit  gr\u00f6\u00dferen Mengen von Schauml\u00f6schmitteln geprobt werden. Der  Kreisfeuerwehrverband Stormarn l\u00e4dt interessierte Presse- und  Medienvertreter am Sonnabend, 01. September 2012 zur Beobachtung der  Gro\u00df\u00fcbung ein. Es darf w\u00e4hrend der \u00dcbung fotografiert und gefilmt  werden. Die  \u00dcbung in Putlos  beginnt um 09.45 Uhr. Anmeldung bitte  \u00fcber Mobil-.Nr. 0177 677 31 78 Fachwart Presse KFV-Stormarn! Abfahrt  der Fahrzeugkolonne (ca. 45 Einsatzfahrzeuge) zum \u00dcbungsgel\u00e4nde  Putlos ab  Reinfeld Gewerbegebiet Stubbendorf (Stubbendorfer Ring) um 07.30 Uhr.     Stichwort Brandschutzbereitschaft:     Brandschutzbereitschaften fungieren als schnelle und  schlagkr\u00e4ftige Einheiten bei Gro\u00dfschadensereignissen.  Kr\u00e4fte,  Fahrzeuge und Ger\u00e4t rekrutieren sich aus den Feuerwehren des Kreises  Stormarn. Die Arbeiten \u00fcber gr\u00f6\u00dfere Zeitr\u00e4ume, Unterbringung und  Versorgung der Einsatzkr\u00e4fte unter widrigsten Umst\u00e4nden und die  Zusammenarbeit mit Einheiten aus anderen Bundesl\u00e4ndern stellen ganz  andere Anforderungen an die Einsatzkr\u00e4fte, als der normale  Feuerwehr-Alltag. Deshalb werden diese Eins\u00e4tze auch anders und in  h\u00f6heren Dimensionen ge\u00fcbt.  Die kommunale Stormarner  Brandschutzeinheit besteht aus zwei Brandschutzbereitschaften. In den letzten 40 Jahren r\u00fcckten die Stormarner Brandschutzbereitschaften zu drei Eins\u00e4tzen aus. Zur  Waldbrandkatastrophe nach Niedersachen,   Hochwasser in Dresden und Ostholstein.     R\u00fcckfragen bitte an:  Kreisfeuerwehrverband Stormarn Otto Heydasch Telefon: 0177 677 31 78 E-Mail: Otto.Heydasch@kfv-stormarn.org<\/p>\n<p>Quelle: <a href=\"http:\/\/www.presseportal.de\/polizeipresse\/pm\/68032\/2316136\/fw-od-presseeinladung-1-brandschutzbereitschaft-stormarn-simuliert-flugunfall-in-putlos\/api\" target=\"_blank\">presseportal.de<\/a><\/p>\n","protected":false},"excerpt":{"rendered":"<p>Travenbr\u00fcck (ots) &#8211; Die 1. Brandschutzbereitschaft des Kreises Stormarn wird am kommenden Wochenende (Samstag, 1. und Sonntag, 2. September) zu<\/p>\n","protected":false},"author":3,"featured_media":0,"comment_status":"open","ping_status":"open","sticky":false,"template":"","format":"standard","meta":{"colormag_page_container_layout":"default_layout","colormag_page_sidebar_layout":"default_layout","footnotes":""},"categories":[20],"tags":[],"class_list":["post-72993","post","type-post","status-publish","format-standard","hentry","category-besondere-neuigkeiten"],"_links":{"self":[{"href":"https:\/\/hier-luebeck.de\/index.php\/wp-json\/wp\/v2\/posts\/72993","targetHints":{"allow":["GET"]}}],"collection":[{"href":"https:\/\/hier-luebeck.de\/index.php\/wp-json\/wp\/v2\/posts"}],"about":[{"href":"https:\/\/hier-luebeck.de\/index.php\/wp-json\/wp\/v2\/types\/post"}],"author":[{"embeddable":true,"href":"https:\/\/hier-luebeck.de\/index.php\/wp-json\/wp\/v2\/users\/3"}],"replies":[{"embeddable":true,"href":"https:\/\/hier-luebeck.de\/index.php\/wp-json\/wp\/v2\/comments?post=72993"}],"version-history":[{"count":0,"href":"https:\/\/hier-luebeck.de\/index.php\/wp-json\/wp\/v2\/posts\/72993\/revisions"}],"wp:attachment":[{"href":"https:\/\/hier-luebeck.de\/index.php\/wp-json\/wp\/v2\/media?parent=72993"}],"wp:term":[{"taxonomy":"category","embeddable":true,"href":"https:\/\/hier-luebeck.de\/index.php\/wp-json\/wp\/v2\/categories?post=72993"},{"taxonomy":"post_tag","embeddable":true,"href":"https:\/\/hier-luebeck.de\/index.php\/wp-json\/wp\/v2\/tags?post=72993"}],"curies":[{"name":"wp","href":"https:\/\/api.w.org\/{rel}","templated":true}]}}