{"id":73471,"date":"2012-09-13T17:43:03","date_gmt":"2012-09-13T15:43:03","guid":{"rendered":"http:\/\/www.hier-luebeck.de\/?p=73471"},"modified":"2012-09-13T17:43:03","modified_gmt":"2012-09-13T15:43:03","slug":"bildungsstaatssekretar-losack-zeichnet-berufliche-schule-des-kreises-ostholstein-als-32-europaschule-aus","status":"publish","type":"post","link":"https:\/\/hier-luebeck.de\/index.php\/bildungsstaatssekretar-losack-zeichnet-berufliche-schule-des-kreises-ostholstein-als-32-europaschule-aus\/","title":{"rendered":"Bildungsstaatssekret\u00e4r Lo\u00dfack zeichnet  Berufliche Schule des Kreises Ostholstein als 32. Europaschule aus"},"content":{"rendered":"<p><a href=\"http:\/\/www.hier-luebeck.de\/2012\/09\/bildungsstaatssekretar-losack-zeichnet-berufliche-schule-des-kreises-ostholstein-als-32-europaschule-aus\/dirk-losack\/\" rel=\"attachment wp-att-73472\"><img loading=\"lazy\" decoding=\"async\" class=\"alignleft size-full wp-image-73472\" title=\"Dirk Lo\u00dfack\" src=\"http:\/\/www.hier-luebeck.de\/wp-content\/uploads\/2012\/09\/Dirk-Lo\u00dfack.jpg\" alt=\"\" width=\"280\" height=\"210\" \/><\/a>OLDENBURG. Die Berufliche Schule des Kreises Ostholstein tr\u00e4gt ab sofort den Titel einer Europaschule. Bildungsstaatssekret\u00e4r Dirk Lo\u00dfack \u00fcberreichte heute (13. September) die Ernennungsurkunde. \u201eDie Schule lebt Europa. Sie unterh\u00e4lt projektorientierte europ\u00e4ische Partnerschaften, beteiligt sich an EU-Programmen und bietet selbstverst\u00e4ndlich neben Englisch und Franz\u00f6sisch auch Spanisch an\u201c, sagte Staatssekret\u00e4r Lo\u00dfack in Oldenburg. Die Berufliche Schule ist landesweit die 32. Europaschule, seit inzwischen 16 Jahren wird dies Zertifikat vom Bildungsministerium verliehen.<!--more--><\/p>\n<p>Die Auszeichnung \u201eEuropaschule\u201c w\u00fcrdigt das europ\u00e4ische Engagement einer Schule. Das bezieht sich sowohl auf das sprachliche Angebot als auch auf die Beteiligung an EU-Programmen wie Leonardo oder Comenius. Die Berufliche Schule des Kreises Ostholstein unterrichtet an ihren vier Standorten Oldenburg, Neustadt, Lensahn und Timmendorfer Strand mehr als 3.100 Sch\u00fclerinnen und Sch\u00fclern. Sie \u00fcberzeugte damit, dass sie europ\u00e4ische Themen nachhaltig in den Unterricht integriert. Dirk Lo\u00dfack: \u201eDie Schule hat sich in einer Zeit um dieses Zertifikat beworben, in der die EURO-Krise die Schlagzeilen dominierte. Das ist bemerkenswert.\u201c Er betonte die Begegnungs- und Austauschkultur an der Schule, die Sch\u00fclerinnen und Sch\u00fcler fit f\u00fcr Europa mache. Unterst\u00fctzt werden diese Anstrengungen ab 2013 auch dadurch, dass Lehrkr\u00e4fte ein Europazertifikat erwerben k\u00f6nnen.<\/p>\n","protected":false},"excerpt":{"rendered":"<p>OLDENBURG. Die Berufliche Schule des Kreises Ostholstein tr\u00e4gt ab sofort den Titel einer Europaschule. Bildungsstaatssekret\u00e4r Dirk Lo\u00dfack \u00fcberreichte heute (13.<\/p>\n","protected":false},"author":3,"featured_media":0,"comment_status":"open","ping_status":"open","sticky":false,"template":"","format":"standard","meta":{"colormag_page_container_layout":"default_layout","colormag_page_sidebar_layout":"default_layout","footnotes":""},"categories":[5],"tags":[8133,8132,6778,441],"class_list":["post-73471","post","type-post","status-publish","format-standard","hentry","category-politik-wirtschaft","tag-32-europaschule","tag-berufliche-schule","tag-bildungsstaatssekretar-losack","tag-ostholstein"],"_links":{"self":[{"href":"https:\/\/hier-luebeck.de\/index.php\/wp-json\/wp\/v2\/posts\/73471","targetHints":{"allow":["GET"]}}],"collection":[{"href":"https:\/\/hier-luebeck.de\/index.php\/wp-json\/wp\/v2\/posts"}],"about":[{"href":"https:\/\/hier-luebeck.de\/index.php\/wp-json\/wp\/v2\/types\/post"}],"author":[{"embeddable":true,"href":"https:\/\/hier-luebeck.de\/index.php\/wp-json\/wp\/v2\/users\/3"}],"replies":[{"embeddable":true,"href":"https:\/\/hier-luebeck.de\/index.php\/wp-json\/wp\/v2\/comments?post=73471"}],"version-history":[{"count":2,"href":"https:\/\/hier-luebeck.de\/index.php\/wp-json\/wp\/v2\/posts\/73471\/revisions"}],"predecessor-version":[{"id":73474,"href":"https:\/\/hier-luebeck.de\/index.php\/wp-json\/wp\/v2\/posts\/73471\/revisions\/73474"}],"wp:attachment":[{"href":"https:\/\/hier-luebeck.de\/index.php\/wp-json\/wp\/v2\/media?parent=73471"}],"wp:term":[{"taxonomy":"category","embeddable":true,"href":"https:\/\/hier-luebeck.de\/index.php\/wp-json\/wp\/v2\/categories?post=73471"},{"taxonomy":"post_tag","embeddable":true,"href":"https:\/\/hier-luebeck.de\/index.php\/wp-json\/wp\/v2\/tags?post=73471"}],"curies":[{"name":"wp","href":"https:\/\/api.w.org\/{rel}","templated":true}]}}