{"id":7401,"date":"2008-11-09T10:18:59","date_gmt":"2008-11-09T10:18:59","guid":{"rendered":"http:\/\/testserver\/wordpress\/?p=7301"},"modified":"2008-11-09T10:18:59","modified_gmt":"2008-11-09T10:18:59","slug":"von_fuchs_pferd_hase_wassermann_und_wels","status":"publish","type":"post","link":"https:\/\/hier-luebeck.de\/index.php\/von_fuchs_pferd_hase_wassermann_und_wels\/","title":{"rendered":"Von Fuchs, Pferd, Hase, Wassermann und Wels"},"content":{"rendered":"<p><img decoding=\"async\" title=\"HLLogo\" src=\"http:\/\/www.hier-luebeck.de\/images\/topics\/HLLogo.jpg\" alt=\"HLLogo\" \/><br \/>\nWochenendangebot f\u00fcr Familien in St. Annen und dem Museum f\u00fcr Natur und Umwelt<br \/>\nZwei Angebote, von denen sich eines an j\u00fcngere Kinder, das andere an Familien richtet, sollen am kommenden Wochenende die L\u00fcbecker Museen beleben: &#8222;MuseumsKinder&#8220; und &#8222;FamilienSonntag&#8220;.<br \/>\n<!--more-->Am Sonnabend, 15. November 2008, k\u00f6nnen bereits vier- bis achtj\u00e4hrige Jungen und M\u00e4dchen zu sogenannten &#8222;MuseumsKindern&#8220; werden: Unter dem Motto &#8222;Wir sind doch hier nicht im Zoo!&#8220; wird die Museumsp\u00e4dagogin Reinhild Behrje mit den Kindern durch das St. Annen-Museum gehen und mit ihnen Tierdarstellungen auf den mittelalterlichen Alt\u00e4ren erkunden. Angeregt durch die Meisterwerke k\u00f6nnen die Kinder anschlie\u00dfend selbst Fuchs, Hase, Pferd oder ein anderes Tier zu Papier bringen.<br \/>\nDie MuseumsKinder treffen sich um 11 Uhr, eine Anmeldung ist nicht n\u00f6tig. Der Preis f\u00fcr die zweist\u00fcndige Veranstaltung kostet inklusive aller Materialien sieben Euro pro Kind. Begleitende Eltern haben freien Eintritt. Kinder, die sich schon gro\u00df f\u00fchlen, k\u00f6nnen aber auch alleine teilnehmen.<br \/>\nAm Sonntag, 16. November 2008, dreht sich beim &#8222;FamilienSonntag&#8220; im Museum f\u00fcr Natur und Umwelt alles um &#8222;Wassermann und Wels&#8220;. Die wissenschaftliche Mitarbeiterin des Museums, Dr. Susanne F\u00fcting, wird Eltern, Gro\u00dfeltern und Kinder durch die Erlebnisausstellung f\u00fchren und mit ihnen eintauchen in die hochinteressante Welt von Wakenitz, Trave und L\u00fcbecker Bucht.<br \/>\nNatur- und umweltinteressierte Familien k\u00f6nnen um 11 Uhr ins Museum an der Musterbahn 8 kommen. Das Museum bittet um Anmeldung unter der Telefonnummer (0451) 122 22 96. Die Veranstaltung dauert rund 90 Minuten. Eintritt: sieben Euro f\u00fcr einen Erwachsenen und beliebig viele Kinder. Zwei Erwachsene und beliebig viele Kinder bezahlen zehn Euro.<\/p>\n","protected":false},"excerpt":{"rendered":"<p>Wochenendangebot f\u00fcr Familien in St. Annen und dem Museum f\u00fcr Natur und Umwelt Zwei Angebote, von denen sich eines an<\/p>\n","protected":false},"author":3,"featured_media":0,"comment_status":"open","ping_status":"open","sticky":false,"template":"","format":"standard","meta":{"colormag_page_container_layout":"default_layout","colormag_page_sidebar_layout":"default_layout","footnotes":""},"categories":[13],"tags":[],"class_list":["post-7401","post","type-post","status-publish","format-standard","hentry","category-veranstaltungen"],"_links":{"self":[{"href":"https:\/\/hier-luebeck.de\/index.php\/wp-json\/wp\/v2\/posts\/7401","targetHints":{"allow":["GET"]}}],"collection":[{"href":"https:\/\/hier-luebeck.de\/index.php\/wp-json\/wp\/v2\/posts"}],"about":[{"href":"https:\/\/hier-luebeck.de\/index.php\/wp-json\/wp\/v2\/types\/post"}],"author":[{"embeddable":true,"href":"https:\/\/hier-luebeck.de\/index.php\/wp-json\/wp\/v2\/users\/3"}],"replies":[{"embeddable":true,"href":"https:\/\/hier-luebeck.de\/index.php\/wp-json\/wp\/v2\/comments?post=7401"}],"version-history":[{"count":0,"href":"https:\/\/hier-luebeck.de\/index.php\/wp-json\/wp\/v2\/posts\/7401\/revisions"}],"wp:attachment":[{"href":"https:\/\/hier-luebeck.de\/index.php\/wp-json\/wp\/v2\/media?parent=7401"}],"wp:term":[{"taxonomy":"category","embeddable":true,"href":"https:\/\/hier-luebeck.de\/index.php\/wp-json\/wp\/v2\/categories?post=7401"},{"taxonomy":"post_tag","embeddable":true,"href":"https:\/\/hier-luebeck.de\/index.php\/wp-json\/wp\/v2\/tags?post=7401"}],"curies":[{"name":"wp","href":"https:\/\/api.w.org\/{rel}","templated":true}]}}