{"id":7403,"date":"2008-11-10T11:39:41","date_gmt":"2008-11-10T11:39:41","guid":{"rendered":"http:\/\/testserver\/wordpress\/?p=7303"},"modified":"2008-11-10T11:39:41","modified_gmt":"2008-11-10T11:39:41","slug":"archologen_aus_14_lndern_tagen_in_lbeck","status":"publish","type":"post","link":"https:\/\/hier-luebeck.de\/index.php\/archologen_aus_14_lndern_tagen_in_lbeck\/","title":{"rendered":"Arch\u00e4ologen aus 14 L\u00e4ndern tagen in L\u00fcbeck"},"content":{"rendered":"<p><img decoding=\"async\" title=\"HLWappen\" src=\"http:\/\/www.hier-luebeck.de\/images\/topics\/HLWappen.jpg\" alt=\"HLWappen\" \/><br \/>\nVom 10. bis zum 13. November 2008 findet bereits zum siebten Mal das &#8222;L\u00fcbecker Kolloquium zur Stadtarch\u00e4ologie im Hanseraum&#8220; in der Ostsee-Akademie in Travem\u00fcnde statt. <!--more-->In diesem Jahr werden 57 Arch\u00e4ologen aus 14 L\u00e4ndern die Ergebnisse aus ihren St\u00e4dten vortragen, von Cork in Irland bis Nowgorod in Russland, von Bergen in Norwegen bis Breslau in Polen. Kultursenatorin Annette Borns begr\u00fc\u00dft die Teilnehmer am Mittwoch 12. November 2008, 20.30 Uhr in der K\u00f6nigsstra\u00dfe 21, Bereich Denkmalpflege.  Zu diesem Termin laden wir ein. Thema der diesj\u00e4hrigen Veranstaltung sind Burgen und Befestigungen, also Stadtmauern, W\u00e4lle, Gr\u00e4ben, Bastionen etc. Das fruchtbare und tragf\u00e4hige Netzwerk der Stadtarch\u00e4ologen Nord-Europas wird inzwischen vielf\u00e4ltig f\u00fcr wissenschaftliche Fragen, aber auch f\u00fcr Ausstellungen, EU-Projekte, Exkursionen oder Fachtagungen genutzt. Gleichzeitig pr\u00e4sentiert der Bereich Arch\u00e4ologie und Denkmalpflege seine neue Publikation, den sechsten Kolloquiumsband zum Thema &#8222;Luxus und Lifestyle in der mittelalterlichen Stadt&#8220;. <br \/>\nIhre Gespr\u00e4chspartner:<br \/>\n* Annette Borns, Kultursenatorin Hansestadt L\u00fcbeck<br \/>\n* Prof. Dr. Manfred Gl\u00e4ser, Bereichsleiter Arch\u00e4ologie und Denkmalpflege<\/p>\n","protected":false},"excerpt":{"rendered":"<p>Vom 10. bis zum 13. November 2008 findet bereits zum siebten Mal das &#8222;L\u00fcbecker Kolloquium zur Stadtarch\u00e4ologie im Hanseraum&#8220; in<\/p>\n","protected":false},"author":3,"featured_media":0,"comment_status":"open","ping_status":"open","sticky":false,"template":"","format":"standard","meta":{"colormag_page_container_layout":"default_layout","colormag_page_sidebar_layout":"default_layout","footnotes":""},"categories":[13],"tags":[],"class_list":["post-7403","post","type-post","status-publish","format-standard","hentry","category-veranstaltungen"],"_links":{"self":[{"href":"https:\/\/hier-luebeck.de\/index.php\/wp-json\/wp\/v2\/posts\/7403","targetHints":{"allow":["GET"]}}],"collection":[{"href":"https:\/\/hier-luebeck.de\/index.php\/wp-json\/wp\/v2\/posts"}],"about":[{"href":"https:\/\/hier-luebeck.de\/index.php\/wp-json\/wp\/v2\/types\/post"}],"author":[{"embeddable":true,"href":"https:\/\/hier-luebeck.de\/index.php\/wp-json\/wp\/v2\/users\/3"}],"replies":[{"embeddable":true,"href":"https:\/\/hier-luebeck.de\/index.php\/wp-json\/wp\/v2\/comments?post=7403"}],"version-history":[{"count":0,"href":"https:\/\/hier-luebeck.de\/index.php\/wp-json\/wp\/v2\/posts\/7403\/revisions"}],"wp:attachment":[{"href":"https:\/\/hier-luebeck.de\/index.php\/wp-json\/wp\/v2\/media?parent=7403"}],"wp:term":[{"taxonomy":"category","embeddable":true,"href":"https:\/\/hier-luebeck.de\/index.php\/wp-json\/wp\/v2\/categories?post=7403"},{"taxonomy":"post_tag","embeddable":true,"href":"https:\/\/hier-luebeck.de\/index.php\/wp-json\/wp\/v2\/tags?post=7403"}],"curies":[{"name":"wp","href":"https:\/\/api.w.org\/{rel}","templated":true}]}}