{"id":7406,"date":"2008-11-10T18:11:04","date_gmt":"2008-11-10T18:11:04","guid":{"rendered":"http:\/\/testserver\/wordpress\/?p=7306"},"modified":"2008-11-10T18:11:04","modified_gmt":"2008-11-10T18:11:04","slug":"zeitdokumente_von_und_ber_thomas_mann","status":"publish","type":"post","link":"https:\/\/hier-luebeck.de\/index.php\/zeitdokumente_von_und_ber_thomas_mann\/","title":{"rendered":"Zeitdokumente von und \u00fcber Thomas Mann"},"content":{"rendered":"<p><img decoding=\"async\" title=\"Buddenbr0406\" src=\"http:\/\/www.hier-luebeck.de\/images\/topics\/Buddenbr0406.jpg\" alt=\"Buddenbr0406\" \/><br \/>\nAusstellung in der Stadtbibliothek vom 17. November bis zum 3. Dezember &#8211; Eintritt frei<br \/>\nUnter dem Titel &#8222;Sie lesen Buddenbrooks wieder?&#8220; werden Zeitdokumente von und \u00fcber Thomas Mann aus den Best\u00e4nden der Stadtbibliothek L\u00fcbeck in einer Ausstellung in der Stadtbibliothek, Hundestra\u00dfe 5-17, pr\u00e4sentiert.<br \/>\n<!--more-->Die am 17. November 2008 startende Ausstellung im Foyer der Stadtbibliothek zeigt handschriftliche Briefe, originale Zeitungsausschnitte und B\u00fccher.<br \/>\nDer Titel der Ausstellung ist ein Zitat aus einem &#8211; ebenfalls ausgestellten &#8211; Brief von Thomas Mann an Paul Amann.<br \/>\nDie Ausstellung ist bis zum 3. Dezember w\u00e4hrend der \u00d6ffnungszeiten der Stadtbibliothek, Montag bis Freitag von 10 Uhr bis 19 Uhr und Sonnabend von 9 bis 13 Uhr zu sehen. Der Eintritt ist frei. <\/p>\n","protected":false},"excerpt":{"rendered":"<p>Ausstellung in der Stadtbibliothek vom 17. November bis zum 3. Dezember &#8211; Eintritt frei Unter dem Titel &#8222;Sie lesen Buddenbrooks<\/p>\n","protected":false},"author":3,"featured_media":0,"comment_status":"open","ping_status":"open","sticky":false,"template":"","format":"standard","meta":{"colormag_page_container_layout":"default_layout","colormag_page_sidebar_layout":"default_layout","footnotes":""},"categories":[13],"tags":[],"class_list":["post-7406","post","type-post","status-publish","format-standard","hentry","category-veranstaltungen"],"_links":{"self":[{"href":"https:\/\/hier-luebeck.de\/index.php\/wp-json\/wp\/v2\/posts\/7406","targetHints":{"allow":["GET"]}}],"collection":[{"href":"https:\/\/hier-luebeck.de\/index.php\/wp-json\/wp\/v2\/posts"}],"about":[{"href":"https:\/\/hier-luebeck.de\/index.php\/wp-json\/wp\/v2\/types\/post"}],"author":[{"embeddable":true,"href":"https:\/\/hier-luebeck.de\/index.php\/wp-json\/wp\/v2\/users\/3"}],"replies":[{"embeddable":true,"href":"https:\/\/hier-luebeck.de\/index.php\/wp-json\/wp\/v2\/comments?post=7406"}],"version-history":[{"count":0,"href":"https:\/\/hier-luebeck.de\/index.php\/wp-json\/wp\/v2\/posts\/7406\/revisions"}],"wp:attachment":[{"href":"https:\/\/hier-luebeck.de\/index.php\/wp-json\/wp\/v2\/media?parent=7406"}],"wp:term":[{"taxonomy":"category","embeddable":true,"href":"https:\/\/hier-luebeck.de\/index.php\/wp-json\/wp\/v2\/categories?post=7406"},{"taxonomy":"post_tag","embeddable":true,"href":"https:\/\/hier-luebeck.de\/index.php\/wp-json\/wp\/v2\/tags?post=7406"}],"curies":[{"name":"wp","href":"https:\/\/api.w.org\/{rel}","templated":true}]}}