{"id":7499,"date":"2008-11-26T13:35:55","date_gmt":"2008-11-26T13:35:55","guid":{"rendered":"http:\/\/testserver\/wordpress\/?p=7399"},"modified":"2008-11-26T13:35:55","modified_gmt":"2008-11-26T13:35:55","slug":"welthandel_und_fairer_handel","status":"publish","type":"post","link":"https:\/\/hier-luebeck.de\/index.php\/welthandel_und_fairer_handel\/","title":{"rendered":"Welthandel und fairer Handel"},"content":{"rendered":"<p><img decoding=\"async\" title=\"VHSLogo\" src=\"http:\/\/www.hier-luebeck.de\/images\/topics\/VHSLogo.jpg\" alt=\"VHSLogo\" \/><br \/>\nReihe &#8222;Globales Lernen&#8220; geht am Donnerstag, 4. Dezember, mit einem Vortrag weiter<br \/>\n&#8222;Welthandel und Fairer Handel&#8220; hei\u00dft der n\u00e4chste Vortrag in der Reihe &#8222;Globales Lernen&#8220;, zu dem die Volkshochschule L\u00fcbeck in Zusammenarbeit mit dem Eine-Welt-Laden am Donnerstag, 4. Dezember 2008 ins Haus Akzent, Zugang durch Toreinfahrt H\u00fcxstra\u00dfe 79, einl\u00e4dt. Referentin der Veranstaltung, die um 18 Uhr beginnt, ist erneut Bettina Sick-Folchert.<br \/>\n<!--more-->Zum Inhalt: Im Weltladen findet t\u00e4glich die Umsetzung des Fairen Handels greifbar statt. Er ist ein geeigneter Lernort und Einstieg in eine aktive Besch\u00e4ftigung mit dem Thema. An Hand ausgew\u00e4hlter Produkte werden die Lebens- und Arbeitsbedingungen der Produzenten vorgestellt und mit den Produktionsbedingungen und Handelswegen vergleichbarer Produkte des konventionellen Handels verglichen.<br \/>\nDie Teilnehmergeb\u00fchr betr\u00e4gt sechs (erm\u00e4\u00dfigt vier) Euro.<\/p>\n","protected":false},"excerpt":{"rendered":"<p>Reihe &#8222;Globales Lernen&#8220; geht am Donnerstag, 4. Dezember, mit einem Vortrag weiter &#8222;Welthandel und Fairer Handel&#8220; hei\u00dft der n\u00e4chste Vortrag<\/p>\n","protected":false},"author":3,"featured_media":0,"comment_status":"open","ping_status":"open","sticky":false,"template":"","format":"standard","meta":{"colormag_page_container_layout":"default_layout","colormag_page_sidebar_layout":"default_layout","footnotes":""},"categories":[13],"tags":[],"class_list":["post-7499","post","type-post","status-publish","format-standard","hentry","category-veranstaltungen"],"_links":{"self":[{"href":"https:\/\/hier-luebeck.de\/index.php\/wp-json\/wp\/v2\/posts\/7499","targetHints":{"allow":["GET"]}}],"collection":[{"href":"https:\/\/hier-luebeck.de\/index.php\/wp-json\/wp\/v2\/posts"}],"about":[{"href":"https:\/\/hier-luebeck.de\/index.php\/wp-json\/wp\/v2\/types\/post"}],"author":[{"embeddable":true,"href":"https:\/\/hier-luebeck.de\/index.php\/wp-json\/wp\/v2\/users\/3"}],"replies":[{"embeddable":true,"href":"https:\/\/hier-luebeck.de\/index.php\/wp-json\/wp\/v2\/comments?post=7499"}],"version-history":[{"count":0,"href":"https:\/\/hier-luebeck.de\/index.php\/wp-json\/wp\/v2\/posts\/7499\/revisions"}],"wp:attachment":[{"href":"https:\/\/hier-luebeck.de\/index.php\/wp-json\/wp\/v2\/media?parent=7499"}],"wp:term":[{"taxonomy":"category","embeddable":true,"href":"https:\/\/hier-luebeck.de\/index.php\/wp-json\/wp\/v2\/categories?post=7499"},{"taxonomy":"post_tag","embeddable":true,"href":"https:\/\/hier-luebeck.de\/index.php\/wp-json\/wp\/v2\/tags?post=7499"}],"curies":[{"name":"wp","href":"https:\/\/api.w.org\/{rel}","templated":true}]}}